{"id":4822,"date":"2021-09-28T12:52:50","date_gmt":"2021-09-28T15:52:50","guid":{"rendered":"https:\/\/caetenews.com.br\/semana\/?p=4822"},"modified":"2021-09-28T13:01:31","modified_gmt":"2021-09-28T16:01:31","slug":"serie-infantil-ada-batista-cientista-estreia-na-netflix-nesta-terca-28","status":"publish","type":"post","link":"https:\/\/caetenews.com.br\/semana\/serie-infantil-ada-batista-cientista-estreia-na-netflix-nesta-terca-28\/","title":{"rendered":"S\u00e9rie infantil &#8216;Ada Batista, Cientista&#8217; estreia na Netflix nesta ter\u00e7a, 28"},"content":{"rendered":"<p><img data-recalc-dims=\"1\" fetchpriority=\"high\" decoding=\"async\" data-attachment-id=\"4823\" data-permalink=\"https:\/\/caetenews.com.br\/semana\/serie-infantil-ada-batista-cientista-estreia-na-netflix-nesta-terca-28\/adabatista2\/\" data-orig-file=\"https:\/\/i0.wp.com\/caetenews.com.br\/semana\/wp-content\/uploads\/2021\/09\/adabatista2.jpg?fit=600%2C360&amp;ssl=1\" data-orig-size=\"600,360\" data-comments-opened=\"0\" data-image-meta=\"{&quot;aperture&quot;:&quot;0&quot;,&quot;credit&quot;:&quot;&quot;,&quot;camera&quot;:&quot;&quot;,&quot;caption&quot;:&quot;&quot;,&quot;created_timestamp&quot;:&quot;0&quot;,&quot;copyright&quot;:&quot;&quot;,&quot;focal_length&quot;:&quot;0&quot;,&quot;iso&quot;:&quot;0&quot;,&quot;shutter_speed&quot;:&quot;0&quot;,&quot;title&quot;:&quot;&quot;,&quot;orientation&quot;:&quot;0&quot;}\" data-image-title=\"Ada Batista, Cientista\" data-image-description=\"\" data-image-caption=\"\" data-large-file=\"https:\/\/i0.wp.com\/caetenews.com.br\/semana\/wp-content\/uploads\/2021\/09\/adabatista2.jpg?fit=600%2C360&amp;ssl=1\" src=\"https:\/\/i0.wp.com\/caetenews.com.br\/semana\/wp-content\/uploads\/2021\/09\/adabatista2.jpg?resize=600%2C360&#038;ssl=1\" alt=\"Foto de Ada Batista, Cientista, em Netflix\" width=\"600\" height=\"360\" class=\"alignnone size-full wp-image-4823\" \/><\/p>\n<h3>Ada Batista, Cientista<\/h3>\n<p>S\u00e9rie &#8211; Infantil<br \/>\nTemporada 1<br \/>\n<strong>Estreia em 28 de setembro<\/strong><br \/>\nEsta s\u00e9rie segue as aventuras de Ada Batista, uma pequena cientista de oito anos que \u00e9 dona de uma curiosidade gigante e quer descobrir a verdade sobre absolutamente tudo. Com a ajuda dos dois melhores amigos, Rosie Revere e Iggy Peck, Ada desvenda e resolve mist\u00e9rios para os amigos e a fam\u00edlia. Mas resolver o mist\u00e9rio \u00e9 apenas o in\u00edcio, porque a ci\u00eancia n\u00e3o se resume a descobrir como, o qu\u00ea e porqu\u00ea\u2026 tamb\u00e9m trata de p\u00f4r esse conhecimento em a\u00e7\u00e3o para tornar o mundo um lugar melhor.<br \/>\nEx\u00e9rcitos de um homem s\u00f3, encontros fofos e persegui\u00e7\u00e3o de carros \u2014 estrelas e profissionais do cinema apresentam os maiores clich\u00eas da s\u00e9tima arte<br \/>\n<iframe width=\"728\" height=\"410\" src=\"https:\/\/www.youtube.com\/embed\/5pdKVlvoEU8\" title=\"YouTube video player\" frameborder=\"0\" allow=\"accelerometer; autoplay; clipboard-write; encrypted-media; gyroscope; picture-in-picture\" allowfullscreen><\/iframe><\/p>\n<h3>Saiba mais<\/h3>\n<p><a href=\"https:\/\/www.tvnovelas.com.br\/filmes\/\" target=\"_blank\" rel=\"noopener noreferrer\"><strong>Programa\u00e7\u00e3o de filmes na TV aberta<\/strong><\/a><br \/>\n<a href=\"https:\/\/tvnovelas.com.br\/filmes\/minisserie-criada-maid-abre-as-estreias-de-outubro-da-netflix\/\" target=\"_blank\" rel=\"noopener noreferrer\"><strong>Estreias de in\u00e9ditos na Netflix no m\u00eas de outubro\/2021<\/strong><\/a><br \/>\n<a href=\"https:\/\/tvnovelas.com.br\/filmes\/filmes-e-series-ineditos-em-estreia-na-semana-na-netflix\/\" target=\"_blank\" rel=\"noopener noreferrer\"><strong>Estreias da semana na Netflix<\/strong><\/a><br \/>\n<a href=\"https:\/\/tvnovelas.com.br\/filmes\/o-que-ha-de-novo-no-globoplay\/\" target=\"_blank\" rel=\"noopener noreferrer\"><strong>Estreias e novidades no Globoplay<\/strong><\/a><br \/>\n<a href=\"https:\/\/www.tvnovelas.com.br\/novelas\/\" target=\"_blank\" rel=\"noopener noreferrer\"><strong>Resumos de novelas<\/strong><\/a><br \/>\n<a href=\"https:\/\/caetenews.com.br\/semana\/filmes-da-globo-na-sessao-da-tarde-desta-semana\/\" rel=\"noopener\" target=\"_blank\"><strong>Confira os filmes da semana na Sess\u00e3o da Tarde<\/strong><\/a> <\/p>\n","protected":false},"excerpt":{"rendered":"<p>Esta s\u00e9rie segue as aventuras de Ada Batista, uma pequena cientista de oito anos que \u00e9 dona de uma curiosidade gigante e quer descobrir a verdade sobre absolu&#8230;<\/p>\n","protected":false},"author":1,"featured_media":4823,"comment_status":"closed","ping_status":"open","sticky":false,"template":"","format":"standard","meta":{"_monsterinsights_skip_tracking":false,"_monsterinsights_sitenote_active":false,"_monsterinsights_sitenote_note":"","_monsterinsights_sitenote_category":0,"_jetpack_memberships_contains_paid_content":false,"footnotes":"","jetpack_publicize_message":"","jetpack_publicize_feature_enabled":true,"jetpack_social_post_already_shared":false,"jetpack_social_options":{"image_generator_settings":{"template":"highway","default_image_id":0,"font":"","enabled":false},"version":2},"_wp_rev_ctl_limit":""},"categories":[105],"tags":[106],"class_list":["post-4822","post","type-post","status-publish","format-standard","has-post-thumbnail","hentry","category-netflix","tag-netflix"],"aioseo_notices":[],"jetpack_publicize_connections":[],"jetpack_featured_media_url":"https:\/\/i0.wp.com\/caetenews.com.br\/semana\/wp-content\/uploads\/2021\/09\/adabatista2.jpg?fit=600%2C360&ssl=1","jetpack_shortlink":"https:\/\/wp.me\/pcIKFi-1fM","jetpack_sharing_enabled":true,"jetpack_likes_enabled":true,"jetpack-related-posts":[{"id":4654,"url":"https:\/\/caetenews.com.br\/semana\/t-6-de-lucifer-e-esticando-a-festa-entre-as-estreias-de-setembro-na-netflix\/","url_meta":{"origin":4822,"position":0},"title":"T 6 de &#8216;L\u00facifer&#8217; e &#8216;Esticando a Festa&#8217; entre as estreias de setembro na Netflix","author":"Paulo Ant\u00f4nio","date":"30\/08\/2021","format":false,"excerpt":"Entre as estreias para setembro na Netflix est\u00e3o a temporada 6 de'L\u00facifer', a temporada 5 de ' La casa de papel', 'A Tia \u00e9 Top' e 'Esticando a Festa'...","rel":"","context":"Em &quot;Netflix&quot;","block_context":{"text":"Netflix","link":"https:\/\/caetenews.com.br\/semana\/category\/netflix\/"},"img":{"alt_text":"foto de Esticando a Festa a estrear na Netflix","src":"https:\/\/i0.wp.com\/caetenews.com.br\/semana\/wp-content\/uploads\/2021\/08\/esticandoafesta.jpg?fit=600%2C338&ssl=1&resize=350%2C200","width":350,"height":200,"srcset":"https:\/\/i0.wp.com\/caetenews.com.br\/semana\/wp-content\/uploads\/2021\/08\/esticandoafesta.jpg?fit=600%2C338&ssl=1&resize=350%2C200 1x, https:\/\/i0.wp.com\/caetenews.com.br\/semana\/wp-content\/uploads\/2021\/08\/esticandoafesta.jpg?fit=600%2C338&ssl=1&resize=525%2C300 1.5x"},"classes":[]},{"id":5493,"url":"https:\/\/caetenews.com.br\/semana\/o-terror-de-resident-evil-chega-na-serie-em-netflix-nesta-quinta-dia-14\/","url_meta":{"origin":4822,"position":1},"title":"O terror de Resident Evil chega na s\u00e9rie em Netflix nesta quinta, dia 14","author":"Paulo Ant\u00f4nio","date":"13\/07\/2022","format":false,"excerpt":"A s\u00e9rie Resident Evil \u00e9 ambientada no \u201cAno de 2036 \u2013 14 anos depois que um v\u00edrus mortal causou um apocalipse global. Jade Wesker luta pela sobreviv\u00eancia em...","rel":"","context":"Em &quot;Netflix&quot;","block_context":{"text":"Netflix","link":"https:\/\/caetenews.com.br\/semana\/category\/netflix\/"},"img":{"alt_text":"Foto de Resident Evil em Netflix","src":"https:\/\/i0.wp.com\/caetenews.com.br\/semana\/wp-content\/uploads\/2022\/07\/residentevil2-1.jpg?fit=600%2C360&ssl=1&resize=350%2C200","width":350,"height":200,"srcset":"https:\/\/i0.wp.com\/caetenews.com.br\/semana\/wp-content\/uploads\/2022\/07\/residentevil2-1.jpg?fit=600%2C360&ssl=1&resize=350%2C200 1x, https:\/\/i0.wp.com\/caetenews.com.br\/semana\/wp-content\/uploads\/2022\/07\/residentevil2-1.jpg?fit=600%2C360&ssl=1&resize=525%2C300 1.5x"},"classes":[]},{"id":4452,"url":"https:\/\/caetenews.com.br\/semana\/mestres-do-universo-e-cacadores-de-trolls-entre-as-estreias-na-netflix\/","url_meta":{"origin":4822,"position":2},"title":"Mestres do Universo e Ca\u00e7adores de Trolls entre as  estreias na Netflix","author":"Paulo Ant\u00f4nio","date":"23\/07\/2021","format":false,"excerpt":"Mestres do Universo e Ca\u00e7adores de Trolls entre as estreias da semana na Netflix....","rel":"","context":"Em &quot;Netflix&quot;","block_context":{"text":"Netflix","link":"https:\/\/caetenews.com.br\/semana\/category\/netflix\/"},"img":{"alt_text":"Foto de divulga\u00e7\u00e3o de Mestres do Universo: Salvando Eternia em estreia na Netflix","src":"https:\/\/i0.wp.com\/caetenews.com.br\/semana\/wp-content\/uploads\/2021\/07\/mestresdouni2.jpg?fit=600%2C359&ssl=1&resize=350%2C200","width":350,"height":200,"srcset":"https:\/\/i0.wp.com\/caetenews.com.br\/semana\/wp-content\/uploads\/2021\/07\/mestresdouni2.jpg?fit=600%2C359&ssl=1&resize=350%2C200 1x, https:\/\/i0.wp.com\/caetenews.com.br\/semana\/wp-content\/uploads\/2021\/07\/mestresdouni2.jpg?fit=600%2C359&ssl=1&resize=525%2C300 1.5x"},"classes":[]},{"id":5008,"url":"https:\/\/caetenews.com.br\/semana\/serie-a-beleza-secreta-dos-animais-estreia-na-netflix-nesta-quarta-dia-10\/","url_meta":{"origin":4822,"position":3},"title":"S\u00e9rie &#8216;A Beleza Secreta dos Animais&#8217; estreia na Netflix nesta quarta, dia 10","author":"Paulo Ant\u00f4nio","date":"09\/11\/2021","format":false,"excerpt":"A Beleza Secreta dos Animais (Animal) S\u00e9rie - Document\u00e1rios Estreia em 10 de novembro Seja pela impressionante intelig\u00eancia, pela incr\u00edvel apet\u00eancia para a ca\u00e7a ou pelas surpreendentes qualidades humanas que demonstram, algumas criaturas fascinam-nos \u2014 e s\u00f3 estamos a come\u00e7ar a entender a sua verdadeira natureza. Com recurso \u00e0 mais\u2026","rel":"","context":"Em &quot;Netflix&quot;","block_context":{"text":"Netflix","link":"https:\/\/caetenews.com.br\/semana\/category\/netflix\/"},"img":{"alt_text":"Foto de A Beleza Secreta dos Animais, em estreia na Netflix","src":"https:\/\/i0.wp.com\/caetenews.com.br\/semana\/wp-content\/uploads\/2021\/11\/abelezaanimais.jpg?fit=600%2C360&ssl=1&resize=350%2C200","width":350,"height":200,"srcset":"https:\/\/i0.wp.com\/caetenews.com.br\/semana\/wp-content\/uploads\/2021\/11\/abelezaanimais.jpg?fit=600%2C360&ssl=1&resize=350%2C200 1x, https:\/\/i0.wp.com\/caetenews.com.br\/semana\/wp-content\/uploads\/2021\/11\/abelezaanimais.jpg?fit=600%2C360&ssl=1&resize=525%2C300 1.5x"},"classes":[]},{"id":4193,"url":"https:\/\/caetenews.com.br\/semana\/garota-de-fora-selena-e-monstro-estao-entre-as-estreias-da-netflix-em-maio\/","url_meta":{"origin":4822,"position":4},"title":"Garota de Fora, Selena e Monstro est\u00e3o entre as estreias da Netflix em maio","author":"Paulo Ant\u00f4nio","date":"01\/05\/2021","format":false,"excerpt":"Dia - Filme\/S\u00e9rie 04 - Selena: A S\u00e9rie - S\u00e9rie - Drama - Temporada 2 05 - Os Filhos de Sam: Loucura e Conspira\u00e7\u00e3o S\u00e9rie - Document\u00e1rios - Temporada 1 07 - Monstro - Filme\/ Drama 07 - Garota de Fora - S\u00e9rie - Suspense\/ Mist\u00e9rio -- Temporada 2 07\u2026","rel":"","context":"Em &quot;Netflix&quot;","block_context":{"text":"Netflix","link":"https:\/\/caetenews.com.br\/semana\/category\/netflix\/"},"img":{"alt_text":"Foto de divulga\u00e7\u00e3o","src":"https:\/\/i0.wp.com\/caetenews.com.br\/semana\/wp-content\/uploads\/2021\/05\/garotadefora.jpg?fit=600%2C338&ssl=1&resize=350%2C200","width":350,"height":200,"srcset":"https:\/\/i0.wp.com\/caetenews.com.br\/semana\/wp-content\/uploads\/2021\/05\/garotadefora.jpg?fit=600%2C338&ssl=1&resize=350%2C200 1x, https:\/\/i0.wp.com\/caetenews.com.br\/semana\/wp-content\/uploads\/2021\/05\/garotadefora.jpg?fit=600%2C338&ssl=1&resize=525%2C300 1.5x"},"classes":[]},{"id":4321,"url":"https:\/\/caetenews.com.br\/semana\/temporada-3-de-o-segredo-do-templo-chega-a-netflix-nesta-quinta-dia-17\/","url_meta":{"origin":4822,"position":5},"title":"Temporada 3 de &#8216;O Segredo do Templo&#8217; chega \u00e0 Netflix nesta quinta, dia 17","author":"Paulo Ant\u00f4nio","date":"16\/06\/2021","format":false,"excerpt":"O Segredo do Templo S\u00e9rie - Mist\u00e9rio Temporada 3 Estreia em 17 de julho Descubra o que acontece oito anos depois. Com Beren Saat (Amor Proibido) e Mehmet G\u00fcns\u00fcr (O Amor Adora Coincid\u00eancias). S\u00e9rie baseada em um livro de Seng\u00fcl Boybas. Trailer Original, legendado \u00daltima not\u00edcias: Saiba mais Programa\u00e7\u00e3o de\u2026","rel":"","context":"Em &quot;In\u00edcio&quot;","block_context":{"text":"In\u00edcio","link":"https:\/\/caetenews.com.br\/semana\/category\/tv-aberta\/"},"img":{"alt_text":"Foto de divulga\u00e7\u00e3o","src":"https:\/\/i0.wp.com\/caetenews.com.br\/semana\/wp-content\/uploads\/2021\/06\/osegredodotemplo.jpg?fit=600%2C344&ssl=1&resize=350%2C200","width":350,"height":200,"srcset":"https:\/\/i0.wp.com\/caetenews.com.br\/semana\/wp-content\/uploads\/2021\/06\/osegredodotemplo.jpg?fit=600%2C344&ssl=1&resize=350%2C200 1x, https:\/\/i0.wp.com\/caetenews.com.br\/semana\/wp-content\/uploads\/2021\/06\/osegredodotemplo.jpg?fit=600%2C344&ssl=1&resize=525%2C300 1.5x"},"classes":[]}],"_links":{"self":[{"href":"https:\/\/caetenews.com.br\/semana\/wp-json\/wp\/v2\/posts\/4822","targetHints":{"allow":["GET"]}}],"collection":[{"href":"https:\/\/caetenews.com.br\/semana\/wp-json\/wp\/v2\/posts"}],"about":[{"href":"https:\/\/caetenews.com.br\/semana\/wp-json\/wp\/v2\/types\/post"}],"author":[{"embeddable":true,"href":"https:\/\/caetenews.com.br\/semana\/wp-json\/wp\/v2\/users\/1"}],"replies":[{"embeddable":true,"href":"https:\/\/caetenews.com.br\/semana\/wp-json\/wp\/v2\/comments?post=4822"}],"version-history":[{"count":0,"href":"https:\/\/caetenews.com.br\/semana\/wp-json\/wp\/v2\/posts\/4822\/revisions"}],"wp:featuredmedia":[{"embeddable":true,"href":"https:\/\/caetenews.com.br\/semana\/wp-json\/wp\/v2\/media\/4823"}],"wp:attachment":[{"href":"https:\/\/caetenews.com.br\/semana\/wp-json\/wp\/v2\/media?parent=4822"}],"wp:term":[{"taxonomy":"category","embeddable":true,"href":"https:\/\/caetenews.com.br\/semana\/wp-json\/wp\/v2\/categories?post=4822"},{"taxonomy":"post_tag","embeddable":true,"href":"https:\/\/caetenews.com.br\/semana\/wp-json\/wp\/v2\/tags?post=4822"}],"curies":[{"name":"wp","href":"https:\/\/api.w.org\/{rel}","templated":true}]}}