{"id":4827,"date":"2021-09-29T09:47:13","date_gmt":"2021-09-29T12:47:13","guid":{"rendered":"https:\/\/caetenews.com.br\/semana\/?p=4827"},"modified":"2021-09-29T09:49:16","modified_gmt":"2021-09-29T12:49:16","slug":"fomos-cancoes-com-maria-valverde-estreia-na-netflix-nesta-quarta-29","status":"publish","type":"post","link":"https:\/\/caetenews.com.br\/semana\/fomos-cancoes-com-maria-valverde-estreia-na-netflix-nesta-quarta-29\/","title":{"rendered":"&#8216;Fomos Can\u00e7\u00f5es&#8217; com Mar\u00eda Valverde estreia na Netflix nesta quarta (29)"},"content":{"rendered":"<p><em>Not\u00edcias da Netflix:<\/em><br \/>\n<img data-recalc-dims=\"1\" fetchpriority=\"high\" decoding=\"async\" data-attachment-id=\"4830\" data-permalink=\"https:\/\/caetenews.com.br\/semana\/fomos-cancoes-com-maria-valverde-estreia-na-netflix-nesta-quarta-29\/fomoscancoes2\/\" data-orig-file=\"https:\/\/i0.wp.com\/caetenews.com.br\/semana\/wp-content\/uploads\/2021\/09\/fomoscancoes2.jpg?fit=600%2C360&amp;ssl=1\" data-orig-size=\"600,360\" data-comments-opened=\"0\" data-image-meta=\"{&quot;aperture&quot;:&quot;0&quot;,&quot;credit&quot;:&quot;&quot;,&quot;camera&quot;:&quot;&quot;,&quot;caption&quot;:&quot;&quot;,&quot;created_timestamp&quot;:&quot;0&quot;,&quot;copyright&quot;:&quot;&quot;,&quot;focal_length&quot;:&quot;0&quot;,&quot;iso&quot;:&quot;0&quot;,&quot;shutter_speed&quot;:&quot;0&quot;,&quot;title&quot;:&quot;&quot;,&quot;orientation&quot;:&quot;0&quot;}\" data-image-title=\"Fomos Can\u00e7\u00f5es\" data-image-description=\"\" data-image-caption=\"\" data-large-file=\"https:\/\/i0.wp.com\/caetenews.com.br\/semana\/wp-content\/uploads\/2021\/09\/fomoscancoes2.jpg?fit=600%2C360&amp;ssl=1\" src=\"https:\/\/i0.wp.com\/caetenews.com.br\/semana\/wp-content\/uploads\/2021\/09\/fomoscancoes2.jpg?resize=600%2C360&#038;ssl=1\" alt=\"Foto de Fomos Can\u00e7\u00f5es, em Netflix\" width=\"600\" height=\"360\" class=\"alignnone size-full wp-image-4830\" \/><\/p>\n<h3>Fomos Can\u00e7\u00f5es<\/h3>\n<p>Filme &#8211; Espanhol &#8211;  Romance, Com\u00e9dia.<br \/>\n<strong>Estreia em 29 de setembro<\/strong><br \/>\nDire\u00e7\u00e3o de Juana Mac\u00edas<br \/>\nCom Mar\u00eda Valverde, \u00c1lex Gonz\u00e1lez, Elisabet Casanovas, Susana Abaitua, Miri P\u00e9rez-Cabrero, Eva Ugarte, Ignacio Montes, Artur Busquet, Claudia Gal\u00e1n, Roger Berruezo e  Carlo Costanzia<br \/>\nUma com\u00e9dia rom\u00e2ntica baseada nos livros de El\u00edsabet Benavent. <\/p>\n<p>Maca trabalha em moda e acabou de organizar a sua vida depois de uma separa\u00e7\u00e3o devastadora, at\u00e9 que Leo, o homem que lhe partiu o cora\u00e7\u00e3o, regressa. Enquanto procura apoio junto das suas melhores amigas, Adriana e Jime, as tr\u00eas v\u00e3o descobrir que o amor pode ser muito complicado.<br \/>\nSinopse<br \/>\nMaca (Mar\u00eda Valverde) tem 30 anos, \u00e9 desastrada por natureza, aproveita a vida ao m\u00e1ximo e tenta ser feliz. Fora isso, desperdi\u00e7a o seu talento a trabalhar \u00e0 sombra de uma terr\u00edvel e opressiva &#8216;influencer&#8217; e o seu tempo ao lado de homens com quem nunca consegue criar la\u00e7os emocionais.<\/p>\n<p>Acompanhada de Jimena (Elisabet Casanovas) e Adriana (Susana Abaitua), as suas singulares e ador\u00e1veis melhores amigas, que est\u00e3o sempre dispostas a fazer tudo o que for poss\u00edvel para que os seus problemas n\u00e3o pare\u00e7am assim t\u00e3o maus, Maca conseguiu fazer de Madrid uma cidade onde tudo \u00e9 poss\u00edvel.<\/p>\n<p>Tudo parecia correr \u00e0s mil maravilhas, at\u00e9 que ele (o inomin\u00e1vel) reaparece. Leo (\u00c1lex Gonz\u00e1lez), o seu grande amor e mais tremendo erro, que n\u00e3o s\u00f3 lhe partiu o cora\u00e7\u00e3o, mas tamb\u00e9m destruiu a sua autoestima e abalou a sua f\u00e9 nos homens, regressa \u00e0 sua vida para virar tudo de pernas para o ar.<\/p>\n<p>Depois do esfor\u00e7o que fez para o esquecer, Maca tem de aceitar que ele regressou, enfrentar as emo\u00e7\u00f5es que anda a esconder e lidar com a inolvid\u00e1vel mem\u00f3ria daquilo que poderia ter sido, mas nunca foi.<\/p>\n<p>As velhas feridas reabrem-se e Maca ter\u00e1 de se encher de coragem para retomar as r\u00e9deas da sua vida, enfrentando os seus conflitos, receios e inseguran\u00e7as.<br \/>\n<iframe width=\"728\" height=\"410\" src=\"https:\/\/www.youtube.com\/embed\/AeJ_NIArUZU\" title=\"YouTube video player\" frameborder=\"0\" allow=\"accelerometer; autoplay; clipboard-write; encrypted-media; gyroscope; picture-in-picture\" allowfullscreen><\/iframe><\/p>\n<h3>\u00daltimas not\u00edcias:<\/p>\n<h3>\n<div class=\"pt-cv-wrapper\">Erro: visualiza\u00e7\u00e3o <strong>6bd8abdjeq<\/strong> pode n\u00e3o existir<\/div><\/p>\n<h3>Saiba mais<\/h3>\n<p><a href=\"https:\/\/www.tvnovelas.com.br\/filmes\/\" target=\"_blank\" rel=\"noopener noreferrer\"><strong>Programa\u00e7\u00e3o de filmes na TV aberta<\/strong><\/a><br \/>\n<a href=\"https:\/\/tvnovelas.com.br\/filmes\/minisserie-criada-maid-abre-as-estreias-de-outubro-da-netflix\/\" target=\"_blank\" rel=\"noopener noreferrer\"><strong>Estreias de in\u00e9ditos na Netflix no m\u00eas de outubro\/2021<\/strong><\/a><br \/>\n<a href=\"https:\/\/tvnovelas.com.br\/filmes\/filmes-e-series-ineditos-em-estreia-na-semana-na-netflix\/\" target=\"_blank\" rel=\"noopener noreferrer\"><strong>Estreias da semana na Netflix<\/strong><\/a><br \/>\n<a href=\"https:\/\/tvnovelas.com.br\/filmes\/o-que-ha-de-novo-no-globoplay\/\" target=\"_blank\" rel=\"noopener noreferrer\"><strong>Estreias e novidades no Globoplay<\/strong><\/a><br \/>\n<a href=\"https:\/\/www.tvnovelas.com.br\/novelas\/\" target=\"_blank\" rel=\"noopener noreferrer\"><strong>Resumos de novelas<\/strong><\/a><br \/>\n<a href=\"https:\/\/caetenews.com.br\/semana\/filmes-da-globo-na-sessao-da-tarde-desta-semana\/\" rel=\"noopener\" target=\"_blank\"><strong>Confira os filmes da semana na Sess\u00e3o da Tarde<\/strong><\/a> <\/p>\n","protected":false},"excerpt":{"rendered":"<p>Em Fomos Can\u00e7\u00f5es, em estreia na Netflix, Maca trabalha em moda e acabou de organizar a sua vida depois de uma separa\u00e7\u00e3o devastadora, at\u00e9 que Leo, o homem que lhe partiu o cora\u00e7\u00e3o, regressa.<\/p>\n","protected":false},"author":1,"featured_media":4830,"comment_status":"closed","ping_status":"open","sticky":false,"template":"","format":"standard","meta":{"_monsterinsights_skip_tracking":false,"_monsterinsights_sitenote_active":false,"_monsterinsights_sitenote_note":"","_monsterinsights_sitenote_category":0,"_jetpack_memberships_contains_paid_content":false,"footnotes":"","jetpack_publicize_message":"","jetpack_publicize_feature_enabled":true,"jetpack_social_post_already_shared":false,"jetpack_social_options":{"image_generator_settings":{"template":"highway","default_image_id":0,"font":"","enabled":false},"version":2},"_wp_rev_ctl_limit":""},"categories":[105],"tags":[106],"class_list":["post-4827","post","type-post","status-publish","format-standard","has-post-thumbnail","hentry","category-netflix","tag-netflix"],"aioseo_notices":[],"jetpack_publicize_connections":[],"jetpack_featured_media_url":"https:\/\/i0.wp.com\/caetenews.com.br\/semana\/wp-content\/uploads\/2021\/09\/fomoscancoes2.jpg?fit=600%2C360&ssl=1","jetpack_shortlink":"https:\/\/wp.me\/pcIKFi-1fR","jetpack_sharing_enabled":true,"jetpack_likes_enabled":true,"jetpack-related-posts":[{"id":4654,"url":"https:\/\/caetenews.com.br\/semana\/t-6-de-lucifer-e-esticando-a-festa-entre-as-estreias-de-setembro-na-netflix\/","url_meta":{"origin":4827,"position":0},"title":"T 6 de &#8216;L\u00facifer&#8217; e &#8216;Esticando a Festa&#8217; entre as estreias de setembro na Netflix","author":"Paulo Ant\u00f4nio","date":"30\/08\/2021","format":false,"excerpt":"Entre as estreias para setembro na Netflix est\u00e3o a temporada 6 de'L\u00facifer', a temporada 5 de ' La casa de papel', 'A Tia \u00e9 Top' e 'Esticando a Festa'...","rel":"","context":"Em &quot;Netflix&quot;","block_context":{"text":"Netflix","link":"https:\/\/caetenews.com.br\/semana\/category\/netflix\/"},"img":{"alt_text":"foto de Esticando a Festa a estrear na Netflix","src":"https:\/\/i0.wp.com\/caetenews.com.br\/semana\/wp-content\/uploads\/2021\/08\/esticandoafesta.jpg?fit=600%2C338&ssl=1&resize=350%2C200","width":350,"height":200,"srcset":"https:\/\/i0.wp.com\/caetenews.com.br\/semana\/wp-content\/uploads\/2021\/08\/esticandoafesta.jpg?fit=600%2C338&ssl=1&resize=350%2C200 1x, https:\/\/i0.wp.com\/caetenews.com.br\/semana\/wp-content\/uploads\/2021\/08\/esticandoafesta.jpg?fit=600%2C338&ssl=1&resize=525%2C300 1.5x"},"classes":[]},{"id":4472,"url":"https:\/\/caetenews.com.br\/semana\/fugindo-do-amor-entre-as-novidades-da-netflix-nesta-quinta-29\/","url_meta":{"origin":4827,"position":1},"title":"&#8216;Fugindo do Amor&#8217; entre as novidades da Netflix nesta quinta, 29","author":"Paulo Ant\u00f4nio","date":"29\/07\/2021","format":false,"excerpt":"'Fugindo do Amor': Esta com\u00e9dia rom\u00e2ntica gira em torno de Erica (Christina Milian). A mo\u00e7a sonha em ser uma estrela do pop, mas acaba aceitando....","rel":"","context":"Em &quot;Netflix&quot;","block_context":{"text":"Netflix","link":"https:\/\/caetenews.com.br\/semana\/category\/netflix\/"},"img":{"alt_text":"Foto de divulga\u00e7\u00e3o de Fugindo do Amor em estreia na Netflix","src":"https:\/\/i0.wp.com\/caetenews.com.br\/semana\/wp-content\/uploads\/2021\/07\/fugindodoamor2.jpg?fit=600%2C348&ssl=1&resize=350%2C200","width":350,"height":200,"srcset":"https:\/\/i0.wp.com\/caetenews.com.br\/semana\/wp-content\/uploads\/2021\/07\/fugindodoamor2.jpg?fit=600%2C348&ssl=1&resize=350%2C200 1x, https:\/\/i0.wp.com\/caetenews.com.br\/semana\/wp-content\/uploads\/2021\/07\/fugindodoamor2.jpg?fit=600%2C348&ssl=1&resize=525%2C300 1.5x"},"classes":[]},{"id":4551,"url":"https:\/\/caetenews.com.br\/semana\/netflix-estreia-nesta-sexta-13-a-2a-temporada-de-valeria\/","url_meta":{"origin":4827,"position":2},"title":"Netflix estreia nesta sexta (13) a 2\u00aa temporada de Val\u00e9ria","author":"Paulo Ant\u00f4nio","date":"13\/08\/2021","format":false,"excerpt":"Val\u00e9ria \u00e9 uma romancista em crise, tanto com a escrita quanto com seu marido. Por sorte, suas tr\u00eas melhores amigas, Carmen, Lola e Nerea...","rel":"","context":"Em &quot;Netflix&quot;","block_context":{"text":"Netflix","link":"https:\/\/caetenews.com.br\/semana\/category\/netflix\/"},"img":{"alt_text":"Foto de divulga\u00e7\u00e3o de Val\u00e9ria","src":"https:\/\/i0.wp.com\/caetenews.com.br\/semana\/wp-content\/uploads\/2021\/08\/valeria3.jpg?fit=600%2C360&ssl=1&resize=350%2C200","width":350,"height":200,"srcset":"https:\/\/i0.wp.com\/caetenews.com.br\/semana\/wp-content\/uploads\/2021\/08\/valeria3.jpg?fit=600%2C360&ssl=1&resize=350%2C200 1x, https:\/\/i0.wp.com\/caetenews.com.br\/semana\/wp-content\/uploads\/2021\/08\/valeria3.jpg?fit=600%2C360&ssl=1&resize=525%2C300 1.5x"},"classes":[]},{"id":5463,"url":"https:\/\/caetenews.com.br\/semana\/dois-amigos-e-uma-ameaca-alienigena-estreia-na-netflix-nesta-segunda-27\/","url_meta":{"origin":4827,"position":3},"title":"&#8216;Dois Amigos e Uma Amea\u00e7a Alien\u00edgena&#8217; estreia na Netflix nesta segunda, 27","author":"Paulo Ant\u00f4nio","date":"27\/06\/2022","format":false,"excerpt":"No filme noruegu\u00eas, 'Dois Amigos e Uma Amea\u00e7a Alien\u00edgena', que estreia na Netflix, nesta segunda, dia 27, Uma invas\u00e3o alien\u00edgena interrompe uma..","rel":"","context":"Em &quot;Netflix&quot;","block_context":{"text":"Netflix","link":"https:\/\/caetenews.com.br\/semana\/category\/netflix\/"},"img":{"alt_text":"Foto de cena em estreia na Netflix","src":"https:\/\/i0.wp.com\/caetenews.com.br\/semana\/wp-content\/uploads\/2022\/06\/doisamigos.jpg?fit=600%2C342&ssl=1&resize=350%2C200","width":350,"height":200,"srcset":"https:\/\/i0.wp.com\/caetenews.com.br\/semana\/wp-content\/uploads\/2022\/06\/doisamigos.jpg?fit=600%2C342&ssl=1&resize=350%2C200 1x, https:\/\/i0.wp.com\/caetenews.com.br\/semana\/wp-content\/uploads\/2022\/06\/doisamigos.jpg?fit=600%2C342&ssl=1&resize=525%2C300 1.5x"},"classes":[]},{"id":4304,"url":"https:\/\/caetenews.com.br\/semana\/infantil-o-dragao-dos-desejos-estreia-na-netflix-nesta-sexta-dia-11-leia-e-veja\/","url_meta":{"origin":4827,"position":4},"title":"Infantil: &#8216;O Drag\u00e3o dos Desejos&#8217; estreia na Netflix nesta sexta, dia 11; leia e veja","author":"Paulo Ant\u00f4nio","date":"10\/06\/2021","format":false,"excerpt":"O Drag\u00e3o dos Desejos (Din e o Drag\u00e3o Genial) Filme - Infantil\/Com\u00e9dia Estreia em 11 de junho Em Wish Dragon, da Sony Pictures Animation, um estudante de origens humildes que sonha em grande e um drag\u00e3o c\u00ednico que tem o poder de conceder desejos partem numa hilariante aventura atrav\u00e9s da\u2026","rel":"","context":"Em &quot;Netflix&quot;","block_context":{"text":"Netflix","link":"https:\/\/caetenews.com.br\/semana\/category\/netflix\/"},"img":{"alt_text":"Foto de divulga\u00e7\u00e3o","src":"https:\/\/i0.wp.com\/caetenews.com.br\/semana\/wp-content\/uploads\/2021\/06\/odragaodosdesejos.jpg?fit=600%2C338&ssl=1&resize=350%2C200","width":350,"height":200,"srcset":"https:\/\/i0.wp.com\/caetenews.com.br\/semana\/wp-content\/uploads\/2021\/06\/odragaodosdesejos.jpg?fit=600%2C338&ssl=1&resize=350%2C200 1x, https:\/\/i0.wp.com\/caetenews.com.br\/semana\/wp-content\/uploads\/2021\/06\/odragaodosdesejos.jpg?fit=600%2C338&ssl=1&resize=525%2C300 1.5x"},"classes":[]},{"id":4193,"url":"https:\/\/caetenews.com.br\/semana\/garota-de-fora-selena-e-monstro-estao-entre-as-estreias-da-netflix-em-maio\/","url_meta":{"origin":4827,"position":5},"title":"Garota de Fora, Selena e Monstro est\u00e3o entre as estreias da Netflix em maio","author":"Paulo Ant\u00f4nio","date":"01\/05\/2021","format":false,"excerpt":"Dia - Filme\/S\u00e9rie 04 - Selena: A S\u00e9rie - S\u00e9rie - Drama - Temporada 2 05 - Os Filhos de Sam: Loucura e Conspira\u00e7\u00e3o S\u00e9rie - Document\u00e1rios - Temporada 1 07 - Monstro - Filme\/ Drama 07 - Garota de Fora - S\u00e9rie - Suspense\/ Mist\u00e9rio -- Temporada 2 07\u2026","rel":"","context":"Em &quot;Netflix&quot;","block_context":{"text":"Netflix","link":"https:\/\/caetenews.com.br\/semana\/category\/netflix\/"},"img":{"alt_text":"Foto de divulga\u00e7\u00e3o","src":"https:\/\/i0.wp.com\/caetenews.com.br\/semana\/wp-content\/uploads\/2021\/05\/garotadefora.jpg?fit=600%2C338&ssl=1&resize=350%2C200","width":350,"height":200,"srcset":"https:\/\/i0.wp.com\/caetenews.com.br\/semana\/wp-content\/uploads\/2021\/05\/garotadefora.jpg?fit=600%2C338&ssl=1&resize=350%2C200 1x, https:\/\/i0.wp.com\/caetenews.com.br\/semana\/wp-content\/uploads\/2021\/05\/garotadefora.jpg?fit=600%2C338&ssl=1&resize=525%2C300 1.5x"},"classes":[]}],"_links":{"self":[{"href":"https:\/\/caetenews.com.br\/semana\/wp-json\/wp\/v2\/posts\/4827","targetHints":{"allow":["GET"]}}],"collection":[{"href":"https:\/\/caetenews.com.br\/semana\/wp-json\/wp\/v2\/posts"}],"about":[{"href":"https:\/\/caetenews.com.br\/semana\/wp-json\/wp\/v2\/types\/post"}],"author":[{"embeddable":true,"href":"https:\/\/caetenews.com.br\/semana\/wp-json\/wp\/v2\/users\/1"}],"replies":[{"embeddable":true,"href":"https:\/\/caetenews.com.br\/semana\/wp-json\/wp\/v2\/comments?post=4827"}],"version-history":[{"count":0,"href":"https:\/\/caetenews.com.br\/semana\/wp-json\/wp\/v2\/posts\/4827\/revisions"}],"wp:featuredmedia":[{"embeddable":true,"href":"https:\/\/caetenews.com.br\/semana\/wp-json\/wp\/v2\/media\/4830"}],"wp:attachment":[{"href":"https:\/\/caetenews.com.br\/semana\/wp-json\/wp\/v2\/media?parent=4827"}],"wp:term":[{"taxonomy":"category","embeddable":true,"href":"https:\/\/caetenews.com.br\/semana\/wp-json\/wp\/v2\/categories?post=4827"},{"taxonomy":"post_tag","embeddable":true,"href":"https:\/\/caetenews.com.br\/semana\/wp-json\/wp\/v2\/tags?post=4827"}],"curies":[{"name":"wp","href":"https:\/\/api.w.org\/{rel}","templated":true}]}}