{"id":4908,"date":"2021-10-10T11:44:39","date_gmt":"2021-10-10T14:44:39","guid":{"rendered":"https:\/\/caetenews.com.br\/semana\/?p=4908"},"modified":"2021-10-10T11:45:32","modified_gmt":"2021-10-10T14:45:32","slug":"fatima-a-historia-de-um-milagre-estreia-no-cinema-na-quinta-feira-dia-14","status":"publish","type":"post","link":"https:\/\/caetenews.com.br\/semana\/fatima-a-historia-de-um-milagre-estreia-no-cinema-na-quinta-feira-dia-14\/","title":{"rendered":"&#8216;F\u00e1tima &#8211; A Hist\u00f3ria de Um Milagre&#8217; estreia no cinema na quinta-feira, dia 14"},"content":{"rendered":"<p><em>No Cinema:<\/em><br \/>\n<img data-recalc-dims=\"1\" fetchpriority=\"high\" decoding=\"async\" data-attachment-id=\"4909\" data-permalink=\"https:\/\/caetenews.com.br\/semana\/fatima-a-historia-de-um-milagre-estreia-no-cinema-na-quinta-feira-dia-14\/fatima\/\" data-orig-file=\"https:\/\/i0.wp.com\/caetenews.com.br\/semana\/wp-content\/uploads\/2021\/10\/fatima.jpg?fit=599%2C393&amp;ssl=1\" data-orig-size=\"599,393\" data-comments-opened=\"0\" data-image-meta=\"{&quot;aperture&quot;:&quot;0&quot;,&quot;credit&quot;:&quot;&quot;,&quot;camera&quot;:&quot;&quot;,&quot;caption&quot;:&quot;&quot;,&quot;created_timestamp&quot;:&quot;0&quot;,&quot;copyright&quot;:&quot;&quot;,&quot;focal_length&quot;:&quot;0&quot;,&quot;iso&quot;:&quot;0&quot;,&quot;shutter_speed&quot;:&quot;0&quot;,&quot;title&quot;:&quot;&quot;,&quot;orientation&quot;:&quot;0&quot;}\" data-image-title=\"F\u00e1tima &amp;#8211; A Hist\u00f3ria de Um Milagre\" data-image-description=\"\" data-image-caption=\"\" data-large-file=\"https:\/\/i0.wp.com\/caetenews.com.br\/semana\/wp-content\/uploads\/2021\/10\/fatima.jpg?fit=599%2C393&amp;ssl=1\" src=\"https:\/\/i0.wp.com\/caetenews.com.br\/semana\/wp-content\/uploads\/2021\/10\/fatima.jpg?resize=599%2C393&#038;ssl=1\" alt=\"foto de F\u00e1tima - A Hist\u00f3ria de Um Milagre, em estreia no cinema\" width=\"599\" height=\"393\" class=\"alignnone size-full wp-image-4909\" \/><\/p>\n<h3>&#8216;F\u00e1tima &#8211; A Hist\u00f3ria de Um Milagre&#8217;<\/h3>\n<p>Drama<br \/>\n<strong>Estreia oficial em 14 de outubro<\/strong><br \/>\nDiretor: Marco Pontecorvo<br \/>\nElenco:<br \/>\nS\u00f4nia Braga: Hermana Lucia<br \/>\nJoaquim de Almeida: Padre Ferreira<br \/>\nStephanie Gil: Lucia (jovem)<br \/>\nHarvey Keitel: Profesor Nichols<br \/>\nDura\u00e7\u00e3o: 120 min<br \/>\nClassifica\u00e7\u00e3o: 12 Anos<br \/>\n<img data-recalc-dims=\"1\" decoding=\"async\" data-attachment-id=\"4910\" data-permalink=\"https:\/\/caetenews.com.br\/semana\/fatima-a-historia-de-um-milagre-estreia-no-cinema-na-quinta-feira-dia-14\/fatima2\/\" data-orig-file=\"https:\/\/i0.wp.com\/caetenews.com.br\/semana\/wp-content\/uploads\/2021\/10\/fatima2.jpg?fit=600%2C450&amp;ssl=1\" data-orig-size=\"600,450\" data-comments-opened=\"0\" data-image-meta=\"{&quot;aperture&quot;:&quot;0&quot;,&quot;credit&quot;:&quot;&quot;,&quot;camera&quot;:&quot;&quot;,&quot;caption&quot;:&quot;&quot;,&quot;created_timestamp&quot;:&quot;0&quot;,&quot;copyright&quot;:&quot;&quot;,&quot;focal_length&quot;:&quot;0&quot;,&quot;iso&quot;:&quot;0&quot;,&quot;shutter_speed&quot;:&quot;0&quot;,&quot;title&quot;:&quot;&quot;,&quot;orientation&quot;:&quot;0&quot;}\" data-image-title=\"fatima2\" data-image-description=\"\" data-image-caption=\"\" data-large-file=\"https:\/\/i0.wp.com\/caetenews.com.br\/semana\/wp-content\/uploads\/2021\/10\/fatima2.jpg?fit=600%2C450&amp;ssl=1\" src=\"https:\/\/i0.wp.com\/caetenews.com.br\/semana\/wp-content\/uploads\/2021\/10\/fatima2.jpg?resize=600%2C450&#038;ssl=1\" alt=\"Foto de F\u00e1tima - A Hist\u00f3ria de Um Milagre, em estreia no  Cinema\" width=\"600\" height=\"450\" class=\"alignnone size-full wp-image-4910\" srcset=\"https:\/\/i0.wp.com\/caetenews.com.br\/semana\/wp-content\/uploads\/2021\/10\/fatima2.jpg?w=600&amp;ssl=1 600w, https:\/\/i0.wp.com\/caetenews.com.br\/semana\/wp-content\/uploads\/2021\/10\/fatima2.jpg?resize=533%2C400&amp;ssl=1 533w, https:\/\/i0.wp.com\/caetenews.com.br\/semana\/wp-content\/uploads\/2021\/10\/fatima2.jpg?resize=326%2C245&amp;ssl=1 326w, https:\/\/i0.wp.com\/caetenews.com.br\/semana\/wp-content\/uploads\/2021\/10\/fatima2.jpg?resize=80%2C60&amp;ssl=1 80w\" sizes=\"(max-width: 600px) 100vw, 600px\" \/><br \/>\nEm F\u00e1tima \u2013 A Hist\u00f3ria de um Milagre, em meio a Primeira Guerra Mundial, tr\u00eas crian\u00e7as de Portugal, Jacinta, Francisco Marto e Lucia de Jesus dos Santos testemunham seis vis\u00f5es da Virgem Maria entre os meses de maio e outubro de 1917. Ap\u00f3s contar para adultos c\u00e9ticos, a igreja cat\u00f3lica romana valida a vis\u00e3o das crian\u00e7as, transformando a cidade de F\u00e1tima em um dos principais lugares de peregrina\u00e7\u00e3o. Classifica\u00e7\u00e3o indicativa 12 anos, cont\u00e9m viol\u00eancia, drogas l\u00edcitas e temas sens\u00edveis.<br \/>\n<iframe width=\"560\" height=\"315\" src=\"https:\/\/www.youtube.com\/embed\/4PQvXUuz8bs\" title=\"YouTube video player\" frameborder=\"0\" allow=\"accelerometer; autoplay; clipboard-write; encrypted-media; gyroscope; picture-in-picture\" allowfullscreen><\/iframe><\/p>\n<h3>Saiba mais<\/h3>\n<p><a href=\"https:\/\/www.tvnovelas.com.br\/filmes\/\" target=\"_blank\" rel=\"noopener noreferrer\"><strong>Programa\u00e7\u00e3o de filmes na TV aberta<\/strong><\/a><br \/>\n<a href=\"https:\/\/tvnovelas.com.br\/filmes\/minisserie-criada-maid-abre-as-estreias-de-outubro-da-netflix\/\" target=\"_blank\" rel=\"noopener noreferrer\"><strong>Estreias de in\u00e9ditos na Netflix no m\u00eas de outubro\/2021<\/strong><\/a><br \/>\n<a href=\"https:\/\/tvnovelas.com.br\/filmes\/filmes-e-series-ineditos-em-estreia-na-semana-na-netflix\/\" target=\"_blank\" rel=\"noopener noreferrer\"><strong>Estreias da semana na Netflix<\/strong><\/a><br \/>\n<a href=\"https:\/\/tvnovelas.com.br\/filmes\/o-que-ha-de-novo-no-globoplay\/\" target=\"_blank\" rel=\"noopener noreferrer\"><strong>Estreias e novidades no Globoplay<\/strong><\/a><br \/>\n<a href=\"https:\/\/www.tvnovelas.com.br\/novelas\/\" target=\"_blank\" rel=\"noopener noreferrer\"><strong>Resumos de novelas<\/strong><\/a><br \/>\n<a href=\"https:\/\/caetenews.com.br\/semana\/filmes-da-globo-na-sessao-da-tarde-desta-semana\/\" rel=\"noopener\" target=\"_blank\"><strong>Confira os filmes da semana na Sess\u00e3o da Tarde<\/strong><\/a> <\/p>\n","protected":false},"excerpt":{"rendered":"<p>No Cinema: &#8216;F\u00e1tima &#8211; A Hist\u00f3ria de Um Milagre&#8217; Drama Estreia oficial em 14 de outubro Diretor: Marco Pontecorvo Elenco: S\u00f4nia Braga: Hermana Lucia Joaquim de Almeida: Padre Ferreira Stephanie Gil: Lucia (jovem) Harvey Keitel: Profesor Nichols Dura\u00e7\u00e3o: 120 min Classifica\u00e7\u00e3o: 12 Anos Em F\u00e1tima \u2013 A Hist\u00f3ria de um Milagre, em meio a Primeira [&hellip;]<\/p>\n","protected":false},"author":1,"featured_media":4909,"comment_status":"closed","ping_status":"open","sticky":false,"template":"","format":"standard","meta":{"_monsterinsights_skip_tracking":false,"_monsterinsights_sitenote_active":false,"_monsterinsights_sitenote_note":"","_monsterinsights_sitenote_category":0,"_jetpack_memberships_contains_paid_content":false,"footnotes":"","jetpack_publicize_message":"","jetpack_publicize_feature_enabled":true,"jetpack_social_post_already_shared":false,"jetpack_social_options":{"image_generator_settings":{"template":"highway","default_image_id":0,"font":"","enabled":false},"version":2},"_wp_rev_ctl_limit":""},"categories":[93],"tags":[94],"class_list":["post-4908","post","type-post","status-publish","format-standard","has-post-thumbnail","hentry","category-cinema","tag-cinema"],"aioseo_notices":[],"jetpack_publicize_connections":[],"jetpack_featured_media_url":"https:\/\/i0.wp.com\/caetenews.com.br\/semana\/wp-content\/uploads\/2021\/10\/fatima.jpg?fit=599%2C393&ssl=1","jetpack_shortlink":"https:\/\/wp.me\/pcIKFi-1ha","jetpack_sharing_enabled":true,"jetpack_likes_enabled":true,"jetpack-related-posts":[{"id":4606,"url":"https:\/\/caetenews.com.br\/semana\/caminhos-da-memoria-esta-ente-as-estreias-no-cinema-nesta-quinta-19\/","url_meta":{"origin":4908,"position":0},"title":"&#8216;Caminhos da Mem\u00f3ria&#8217; est\u00e1 ente as estreias no cinema nesta quinta, 19","author":"Paulo Ant\u00f4nio","date":"19\/08\/2021","format":false,"excerpt":"Estreias no cinema: Caminhos da Mem\u00f3ria 'Caminhos da Mem\u00f3ria' Fic\u00e7\u00e3o Classifica\u00e7\u00e3o: 14 Estreia: 19 de agosto Dire\u00e7\u00e3o: Lisa Joy Com Hugh Jackman, Rebecca Ferguson, Thandie Newton, Cliff Curtis Da roteirista\/diretora\/produtora Lisa Joy vem o thriller de a\u00e7\u00e3o \u201cCaminhos da Mem\u00f3ria\u201d da Warner Bros. Pictures, estrelado por Hugh Jackman, Rebecca Ferguson\u2026","rel":"","context":"Em &quot;Cinema&quot;","block_context":{"text":"Cinema","link":"https:\/\/caetenews.com.br\/semana\/category\/cinema\/"},"img":{"alt_text":"foto de divulga\u00e3o de Caminhos da Mem\u00f3ria","src":"https:\/\/i0.wp.com\/caetenews.com.br\/semana\/wp-content\/uploads\/2021\/08\/caminhodamemoria.jpg?fit=600%2C360&ssl=1&resize=350%2C200","width":350,"height":200,"srcset":"https:\/\/i0.wp.com\/caetenews.com.br\/semana\/wp-content\/uploads\/2021\/08\/caminhodamemoria.jpg?fit=600%2C360&ssl=1&resize=350%2C200 1x, https:\/\/i0.wp.com\/caetenews.com.br\/semana\/wp-content\/uploads\/2021\/08\/caminhodamemoria.jpg?fit=600%2C360&ssl=1&resize=525%2C300 1.5x"},"classes":[]},{"id":3809,"url":"https:\/\/caetenews.com.br\/semana\/novela-porto-dos-milagres-e-a-novidade-do-globoplay-para-esta-segunda-1o\/","url_meta":{"origin":4908,"position":1},"title":"Novela &#8216;Porto dos Milagres&#8217; \u00e9 a novidade do Globoplay para esta segunda (1\u00ba)","author":"Paulo Ant\u00f4nio","date":"31\/01\/2021","format":false,"excerpt":"'Porto dos Milagres', novela de Aguinaldo Silva e Ricardo Linhares, produzida e exibida pela Globo, em 2001, com 203 cap\u00edtulos, foi pontuada por romances em meio a conflitos de classe. A novela \u00e9 uma livre adapta\u00e7\u00e3o de \"Mar Morto e A Descoberta da Am\u00e9rica pelos Turcos\", de Jorge Amado, Na\u2026","rel":"","context":"Em &quot;Globoplay&quot;","block_context":{"text":"Globoplay","link":"https:\/\/caetenews.com.br\/semana\/category\/globoplay\/"},"img":{"alt_text":"Foto de L\u00edvia (Fl\u00e1via Alessandra)","src":"https:\/\/i0.wp.com\/caetenews.com.br\/semana\/wp-content\/uploads\/2021\/01\/portodosmilagres03.jpg?fit=600%2C400&ssl=1&resize=350%2C200","width":350,"height":200,"srcset":"https:\/\/i0.wp.com\/caetenews.com.br\/semana\/wp-content\/uploads\/2021\/01\/portodosmilagres03.jpg?fit=600%2C400&ssl=1&resize=350%2C200 1x, https:\/\/i0.wp.com\/caetenews.com.br\/semana\/wp-content\/uploads\/2021\/01\/portodosmilagres03.jpg?fit=600%2C400&ssl=1&resize=525%2C300 1.5x"},"classes":[]},{"id":3594,"url":"https:\/\/caetenews.com.br\/semana\/unidas-pela-esperanca-entre-as-estreias-no-cinema-nesta-quinta-14\/","url_meta":{"origin":4908,"position":2},"title":"&#8216;Unidas pela Esperan\u00e7a&#8217; entre as estreias no cinema nesta quinta (14)","author":"Paulo Ant\u00f4nio","date":"14\/01\/2021","format":false,"excerpt":"Unidas pela Esperan\u00e7a (Military wives) Drama Estreia prevista: 14\/01\/21 Dire\u00e7\u00e3o: Peter Cattaneo Com Kristin Scott Thomas, Lara Rossi e Sharon Horgan Um grupo de mulheres casadas com oficiais militares decide se unir para formar um coral. \u00c0 medida que a inesperada amizade entre elas se desenvolve, a m\u00fasica e o\u2026","rel":"","context":"Em &quot;Cinema&quot;","block_context":{"text":"Cinema","link":"https:\/\/caetenews.com.br\/semana\/category\/cinema\/"},"img":{"alt_text":"","src":"https:\/\/i0.wp.com\/caetenews.com.br\/semana\/wp-content\/uploads\/2021\/01\/unidaspelaesperanca2-1.jpg?fit=600%2C337&ssl=1&resize=350%2C200","width":350,"height":200,"srcset":"https:\/\/i0.wp.com\/caetenews.com.br\/semana\/wp-content\/uploads\/2021\/01\/unidaspelaesperanca2-1.jpg?fit=600%2C337&ssl=1&resize=350%2C200 1x, https:\/\/i0.wp.com\/caetenews.com.br\/semana\/wp-content\/uploads\/2021\/01\/unidaspelaesperanca2-1.jpg?fit=600%2C337&ssl=1&resize=525%2C300 1.5x"},"classes":[]},{"id":3557,"url":"https:\/\/caetenews.com.br\/semana\/unidas-pela-esperanca-estreia-nos-cinemas-quinta-dia-14\/","url_meta":{"origin":4908,"position":3},"title":"&#8216;Unidas pela Esperan\u00e7a&#8217; estreia nos cinemas quinta, dia 14","author":"Paulo Ant\u00f4nio","date":"11\/01\/2021","format":false,"excerpt":"Unidas pela Esperan\u00e7a (Military wives) Drama Estreia prevista: 14\/01\/21 Dire\u00e7\u00e3o: Peter Cattaneo Com Kristin Scott Thomas, Lara Rossi e Sharon Horgan Um grupo de mulheres casadas com oficiais militares decide se unir para formar um coral. \u00c0 medida que a inesperada amizade entre elas se desenvolve, a m\u00fasica e o\u2026","rel":"","context":"Em &quot;In\u00edcio&quot;","block_context":{"text":"In\u00edcio","link":"https:\/\/caetenews.com.br\/semana\/category\/tv-aberta\/"},"img":{"alt_text":"foto de divulga\u00e7\u00e3o","src":"https:\/\/i0.wp.com\/caetenews.com.br\/semana\/wp-content\/uploads\/2021\/01\/unidaspelaesperanca2.jpg?fit=600%2C337&ssl=1&resize=350%2C200","width":350,"height":200,"srcset":"https:\/\/i0.wp.com\/caetenews.com.br\/semana\/wp-content\/uploads\/2021\/01\/unidaspelaesperanca2.jpg?fit=600%2C337&ssl=1&resize=350%2C200 1x, https:\/\/i0.wp.com\/caetenews.com.br\/semana\/wp-content\/uploads\/2021\/01\/unidaspelaesperanca2.jpg?fit=600%2C337&ssl=1&resize=525%2C300 1.5x"},"classes":[]},{"id":4714,"url":"https:\/\/caetenews.com.br\/semana\/escape-room-2-tensao-maxima-estreia-nos-cinemas-nesta-quinta-dia-16\/","url_meta":{"origin":4908,"position":4},"title":"&#8216;Escape Room 2: Tens\u00e3o M\u00e1xima&#8217; estreia nos cinemas nesta quinta, dia 16","author":"Paulo Ant\u00f4nio","date":"16\/09\/2021","format":false,"excerpt":"\u201cEscape Room 2: Tens\u00e3o M\u00e1xima\u201d \u00e9 a sequ\u00eancia do thriller psicol\u00f3gico que foi sucesso de bilheteria e assustou o p\u00fablico por todo o mundo....","rel":"","context":"Em &quot;Cinema&quot;","block_context":{"text":"Cinema","link":"https:\/\/caetenews.com.br\/semana\/category\/cinema\/"},"img":{"alt_text":"Foto de Escape Room 2: Tens\u00e3o M\u00e1xima, em estreia nos cinemas","src":"https:\/\/i0.wp.com\/caetenews.com.br\/semana\/wp-content\/uploads\/2021\/09\/escaperomm.jpg?fit=600%2C360&ssl=1&resize=350%2C200","width":350,"height":200,"srcset":"https:\/\/i0.wp.com\/caetenews.com.br\/semana\/wp-content\/uploads\/2021\/09\/escaperomm.jpg?fit=600%2C360&ssl=1&resize=350%2C200 1x, https:\/\/i0.wp.com\/caetenews.com.br\/semana\/wp-content\/uploads\/2021\/09\/escaperomm.jpg?fit=600%2C360&ssl=1&resize=525%2C300 1.5x"},"classes":[]},{"id":4414,"url":"https:\/\/caetenews.com.br\/semana\/shang-chi-e-a-lenda-dos-dez-aneis-tem-estreia-prevista-para-setembro\/","url_meta":{"origin":4908,"position":5},"title":"&#8216;Shang-Chi e a Lenda dos Dez An\u00e9is&#8217; tem estreia prevista para setembro","author":"Paulo Ant\u00f4nio","date":"13\/07\/2021","format":false,"excerpt":"O novo trailer de Shang-Chi e a Lenda dos Dez An\u00e9is, da Marvel, j\u00e1 est\u00e1 dispon\u00edvel. O filme segue a hist\u00f3ria de Shang-Chi (Simu Liu), um jovem super-her\u00f3i que embarca numa viagem de autodescoberta. O longa chegar\u00e1 aos cinemas em setembro de 2021 e ser\u00e1 protagonizado por Simu Liu. Shang-Chi\u2026","rel":"","context":"Em &quot;Cinema&quot;","block_context":{"text":"Cinema","link":"https:\/\/caetenews.com.br\/semana\/category\/cinema\/"},"img":{"alt_text":"","src":"https:\/\/i0.wp.com\/caetenews.com.br\/semana\/wp-content\/uploads\/2021\/07\/shingchi.jpg?fit=600%2C356&ssl=1&resize=350%2C200","width":350,"height":200,"srcset":"https:\/\/i0.wp.com\/caetenews.com.br\/semana\/wp-content\/uploads\/2021\/07\/shingchi.jpg?fit=600%2C356&ssl=1&resize=350%2C200 1x, https:\/\/i0.wp.com\/caetenews.com.br\/semana\/wp-content\/uploads\/2021\/07\/shingchi.jpg?fit=600%2C356&ssl=1&resize=525%2C300 1.5x"},"classes":[]}],"_links":{"self":[{"href":"https:\/\/caetenews.com.br\/semana\/wp-json\/wp\/v2\/posts\/4908","targetHints":{"allow":["GET"]}}],"collection":[{"href":"https:\/\/caetenews.com.br\/semana\/wp-json\/wp\/v2\/posts"}],"about":[{"href":"https:\/\/caetenews.com.br\/semana\/wp-json\/wp\/v2\/types\/post"}],"author":[{"embeddable":true,"href":"https:\/\/caetenews.com.br\/semana\/wp-json\/wp\/v2\/users\/1"}],"replies":[{"embeddable":true,"href":"https:\/\/caetenews.com.br\/semana\/wp-json\/wp\/v2\/comments?post=4908"}],"version-history":[{"count":0,"href":"https:\/\/caetenews.com.br\/semana\/wp-json\/wp\/v2\/posts\/4908\/revisions"}],"wp:featuredmedia":[{"embeddable":true,"href":"https:\/\/caetenews.com.br\/semana\/wp-json\/wp\/v2\/media\/4909"}],"wp:attachment":[{"href":"https:\/\/caetenews.com.br\/semana\/wp-json\/wp\/v2\/media?parent=4908"}],"wp:term":[{"taxonomy":"category","embeddable":true,"href":"https:\/\/caetenews.com.br\/semana\/wp-json\/wp\/v2\/categories?post=4908"},{"taxonomy":"post_tag","embeddable":true,"href":"https:\/\/caetenews.com.br\/semana\/wp-json\/wp\/v2\/tags?post=4908"}],"curies":[{"name":"wp","href":"https:\/\/api.w.org\/{rel}","templated":true}]}}