{"id":5419,"date":"2022-06-07T14:09:06","date_gmt":"2022-06-07T17:09:06","guid":{"rendered":"https:\/\/caetenews.com.br\/semana\/?p=5419"},"modified":"2023-05-20T14:07:36","modified_gmt":"2023-05-20T17:07:36","slug":"novela-os-imigrantes-resumos-de-06-a-11-de-junho","status":"publish","type":"post","link":"https:\/\/caetenews.com.br\/semana\/novela-os-imigrantes-resumos-de-06-a-11-de-junho\/","title":{"rendered":"Novela Os Imigrantes: Resumos de 06 a 11 de junho"},"content":{"rendered":"<p>Resumos de Os Imigrantes &#8211; TV Brasil<br \/>\n<!--more--><br \/>\n<em>Resumos de Os Imigrantes:<\/em><br \/>\n<img data-recalc-dims=\"1\" fetchpriority=\"high\" decoding=\"async\" data-attachment-id=\"5420\" data-permalink=\"https:\/\/caetenews.com.br\/semana\/novela-os-imigrantes-resumos-de-06-a-11-de-junho\/attachment\/32825\/\" data-orig-file=\"https:\/\/i0.wp.com\/caetenews.com.br\/semana\/wp-content\/uploads\/2022\/06\/32825.jpg?fit=600%2C330&amp;ssl=1\" data-orig-size=\"600,330\" data-comments-opened=\"0\" data-image-meta=\"{&quot;aperture&quot;:&quot;0&quot;,&quot;credit&quot;:&quot;&quot;,&quot;camera&quot;:&quot;&quot;,&quot;caption&quot;:&quot;&quot;,&quot;created_timestamp&quot;:&quot;0&quot;,&quot;copyright&quot;:&quot;&quot;,&quot;focal_length&quot;:&quot;0&quot;,&quot;iso&quot;:&quot;0&quot;,&quot;shutter_speed&quot;:&quot;0&quot;,&quot;title&quot;:&quot;&quot;,&quot;orientation&quot;:&quot;0&quot;}\" data-image-title=\"Os Imigrantes\" data-image-description=\"\" data-image-caption=\"\" data-large-file=\"https:\/\/i0.wp.com\/caetenews.com.br\/semana\/wp-content\/uploads\/2022\/06\/32825.jpg?fit=600%2C330&amp;ssl=1\" src=\"https:\/\/i0.wp.com\/caetenews.com.br\/semana\/wp-content\/uploads\/2022\/06\/32825.jpg?resize=600%2C330&#038;ssl=1\" alt=\"foto de cena de Os Imigrantes\" width=\"600\" height=\"330\" class=\"alignnone size-full wp-image-5420\" \/><\/p>\n<p style=\"text-align: center;\"><!--foto--><br \/>\n<img data-recalc-dims=\"1\" decoding=\"async\" src=\"https:\/\/i0.wp.com\/www.tvnovelas.com.br\/novelas\/wp-content\/uploads\/2023\/05\/32164.jpg?resize=600%2C360&#038;ssl=1\" alt=\"Foto de cena em resumos de Os Imigrantes\" width=\"600\" height=\"360\" class=\"size-full wp-image-29765\" \/><br \/>\n<!--In\u00edcio resumo--><\/p>\n<p><strong>Resumo de segunda-feira, 06 de junho<\/strong><br \/>\nPaco est\u00e1 preocupado com o impacto que a entrada do Brasil na primeira guerra poder\u00e1 ter sobre a greve oper\u00e1ria. Pereira fica sensibilizado com os cuidados de Maria com a casa. Juliete pede dinheiro a Primo para pagar o aluguel. Izabel conta a Ricardo, filho do senador Julio, que De Salvio descobriu que Primo n\u00e3o freq\u00fcenta a faculdade e que repetiu de ano. No dia seguinte, De Salvio pede explica\u00e7\u00f5es a Primo. O rapaz foge e se esconde no quarto de Nininha. O pai o encontra e o filho se altera. O pai corta a mesada e pro\u00edbe Primo de usar o carro. Hernandez e Paco convencem Onofre a participar da luta oper\u00e1ria. <\/p>\n<p><strong>Resumo de ter\u00e7a-feira, 07 de junho<\/strong><br \/>\nPaco, Hernandez e outros trabalhadores planejam sabotar, naquela noite, uma conven\u00e7\u00e3o que vai preparar o Brasil para a guerra, organizada pelo poeta Olavo Bilac. Hernandez toma emprestada uma roupa do falecido marido de dona Mercedez. De Salvio recebe um telegrama avisando que sua filha Ros\u00e1lia est\u00e1 voltando da Europa de navio. Tamb\u00e9m \u00e9 informado da morte de seu tio na It\u00e1lia. A governanta da casa, Fr\u00e4ulein, come\u00e7a a sentir o preconceito dos brasileiros contra os alem\u00e3es. Empolgado, Primo diz que quer se alistar junto \u00e0s tropas inglesas e \u00e9 advertido por Jos\u00e9 sobre o horror da guerra. A a\u00e7\u00e3o dos oper\u00e1rios na conven\u00e7\u00e3o \u00e9 reprimida e eles passam a noite na pris\u00e3o. Paco est\u00e1 desolado com a entrada do Brasil na guerra.<\/p>\n<p><strong>Resumo de quarta-feiira, 08 de junho<\/strong><br \/>\nRicardo leva a Juliete um recado de Primo. A francesa revela saber da exist\u00eancia de Antonieta. Ricardo admite a atra\u00e7\u00e3o que sente por Juliete. Primo tenta se esquivar do casamento com Antonieta, alegando que vai ser chamado para a guerra. Maninha tenta abrir os olhos da irm\u00e3 para o comportamento inaceit\u00e1vel de Primo. Pereira est\u00e1 a cada dia mais apaixonado por Maria e timidamente confessa a ela seus sentimentos. Mercedez est\u00e1 inquieta depois da vista de Hernandez. N\u00e3o quer que ele volte \u00e0 sua casa. Francisco conta a Hernandez que a m\u00e3e anda nervosa. A Liga Nacionalista convoca a popula\u00e7\u00e3o nas ruas a lutar contra a Alemanha.<br \/>\n<!--fim do resumo--><a href=\"https:\/\/www.tvnovelas.com.br\/novelas\/capitulos-de-os-imigrantes\/\"><strong style=\"font-size: 120%; color: blue;\">Cap\u00edtulos seguintes<\/strong><\/a><\/p>\n","protected":false},"excerpt":{"rendered":"<p>Resumos da semana de Os Imigrantes: Paco est\u00e1 preocupado com o impacto que a entrada do Brasil na primeira guerra poder\u00e1 ter sobre a greve..<\/p>\n","protected":false},"author":1,"featured_media":5420,"comment_status":"closed","ping_status":"open","sticky":false,"template":"","format":"standard","meta":{"_monsterinsights_skip_tracking":false,"_monsterinsights_sitenote_active":false,"_monsterinsights_sitenote_note":"","_monsterinsights_sitenote_category":0,"_jetpack_memberships_contains_paid_content":false,"footnotes":"","jetpack_publicize_message":"","jetpack_publicize_feature_enabled":true,"jetpack_social_post_already_shared":true,"jetpack_social_options":{"image_generator_settings":{"template":"highway","default_image_id":0,"font":"","enabled":false},"version":2},"_wp_rev_ctl_limit":""},"categories":[197],"tags":[217,31,216],"class_list":["post-5419","post","type-post","status-publish","format-standard","has-post-thumbnail","hentry","category-novelas","tag-os-imigrantes","tag-resumos-de-novelas","tag-tv-brasil"],"aioseo_notices":[],"jetpack_publicize_connections":[],"jetpack_featured_media_url":"https:\/\/i0.wp.com\/caetenews.com.br\/semana\/wp-content\/uploads\/2022\/06\/32825.jpg?fit=600%2C330&ssl=1","jetpack_shortlink":"https:\/\/wp.me\/pcIKFi-1pp","jetpack_sharing_enabled":true,"jetpack_likes_enabled":true,"jetpack-related-posts":[{"id":5424,"url":"https:\/\/caetenews.com.br\/semana\/novela-os-imigrantes-resumos-de-13-a18-de-junho\/","url_meta":{"origin":5419,"position":0},"title":"Novela Os Imigrantes: Resumos de 13 a18 de junho","author":"Paulo Ant\u00f4nio","date":"12\/06\/2022","format":false,"excerpt":"Na novela Os Imigrantes, De Salvio endurece com o filho e amea\u00e7a surr\u00e1-lo. Ele informa Izabel de que vai come\u00e7ar a segu\u00ed-lo para descobrir onde passa as noites...","rel":"","context":"Em &quot;Novelas&quot;","block_context":{"text":"Novelas","link":"https:\/\/caetenews.com.br\/semana\/category\/novelas\/"},"img":{"alt_text":"Foto da Novela Os Imigrantes","src":"https:\/\/i0.wp.com\/caetenews.com.br\/semana\/wp-content\/uploads\/2022\/06\/32872.jpg?resize=350%2C200&ssl=1","width":350,"height":200,"srcset":"https:\/\/i0.wp.com\/caetenews.com.br\/semana\/wp-content\/uploads\/2022\/06\/32872.jpg?resize=350%2C200&ssl=1 1x, https:\/\/i0.wp.com\/caetenews.com.br\/semana\/wp-content\/uploads\/2022\/06\/32872.jpg?resize=525%2C300&ssl=1 1.5x"},"classes":[]},{"id":4832,"url":"https:\/\/caetenews.com.br\/semana\/ninguem-sai-daqui-vivo-chega-a-netflix-hoje-quarta-dia-19\/","url_meta":{"origin":5419,"position":1},"title":"&#8216;Ningu\u00e9m Sai Daqui Vivo&#8217; chega \u00e0 Netflix hoje, quarta, dia 19","author":"Paulo Ant\u00f4nio","date":"29\/09\/2021","format":false,"excerpt":"Not\u00edcias da Netflix: : Ningu\u00e9m Sai Daqui Vivo Filme - Terror, Mist\u00e9rios Estreia em 29 de setembro Ambar (Cristina Rodlo) \u00e9 uma imigrante em busca do sonho americano. Mas ao ver-se for\u00e7ada a arranjar um quarto numa pens\u00e3o, acaba por entrar num pesadelo do qual n\u00e3o tem como escapar. Sinopse\u2026","rel":"","context":"Em &quot;Netflix&quot;","block_context":{"text":"Netflix","link":"https:\/\/caetenews.com.br\/semana\/category\/netflix\/"},"img":{"alt_text":"Foto de Ningu\u00e9m Sai Daqui Vivo, em estreia na Netflix","src":"https:\/\/i0.wp.com\/caetenews.com.br\/semana\/wp-content\/uploads\/2021\/09\/ninguemsai.jpg?fit=600%2C360&ssl=1&resize=350%2C200","width":350,"height":200,"srcset":"https:\/\/i0.wp.com\/caetenews.com.br\/semana\/wp-content\/uploads\/2021\/09\/ninguemsai.jpg?fit=600%2C360&ssl=1&resize=350%2C200 1x, https:\/\/i0.wp.com\/caetenews.com.br\/semana\/wp-content\/uploads\/2021\/09\/ninguemsai.jpg?fit=600%2C360&ssl=1&resize=525%2C300 1.5x"},"classes":[]},{"id":5459,"url":"https:\/\/caetenews.com.br\/semana\/todas-as-garotas-em-mim-resumos-de-novelas-de-27-06-a-1o-de-julho\/","url_meta":{"origin":5419,"position":2},"title":"&#8216;Todas as Garotas em Mim&#8217;: Resumos de novelas de 27\/06 a 1\u00ba de julho","author":"Paulo Ant\u00f4nio","date":"25\/06\/2022","format":false,"excerpt":"Resumos de Novelas: Todas as Garotas em Mim","rel":"","context":"Em &quot;Novelas&quot;","block_context":{"text":"Novelas","link":"https:\/\/caetenews.com.br\/semana\/category\/novelas\/"},"img":{"alt_text":"Foto de Todas as Garotas em Mim em Resumos de Novelas","src":"https:\/\/i0.wp.com\/caetenews.com.br\/semana\/wp-content\/uploads\/2022\/06\/33006.jpg?fit=653%2C398&ssl=1&resize=350%2C200","width":350,"height":200,"srcset":"https:\/\/i0.wp.com\/caetenews.com.br\/semana\/wp-content\/uploads\/2022\/06\/33006.jpg?fit=653%2C398&ssl=1&resize=350%2C200 1x, https:\/\/i0.wp.com\/caetenews.com.br\/semana\/wp-content\/uploads\/2022\/06\/33006.jpg?fit=653%2C398&ssl=1&resize=525%2C300 1.5x"},"classes":[]},{"id":5574,"url":"https:\/\/caetenews.com.br\/semana\/resumo-de-novelas-reis-da-semana-05-a-09-de-junho\/","url_meta":{"origin":5419,"position":3},"title":"Resumos de Novelas: Reis da semana 12 a 16 de junho","author":"Paulo Ant\u00f4nio","date":"10\/06\/2023","format":false,"excerpt":"Resumo de Novelas: Reis da semana 05 a 09 de junho. Nesta segunda-feira, dia 5, Davi conta a hist\u00f3ria da Arca aos seus filhos, que ficam impressionados...","rel":"","context":"Em &quot;Resumos de Novelas&quot;","block_context":{"text":"Resumos de Novelas","link":"https:\/\/caetenews.com.br\/semana\/category\/resumos-de-novelas\/"},"img":{"alt_text":"Resumos de Novelas: Reis","src":"https:\/\/i0.wp.com\/caetenews.com.br\/semana\/wp-content\/uploads\/2023\/06\/070a.jpg?fit=728%2C410&ssl=1&resize=350%2C200","width":350,"height":200,"srcset":"https:\/\/i0.wp.com\/caetenews.com.br\/semana\/wp-content\/uploads\/2023\/06\/070a.jpg?fit=728%2C410&ssl=1&resize=350%2C200 1x, https:\/\/i0.wp.com\/caetenews.com.br\/semana\/wp-content\/uploads\/2023\/06\/070a.jpg?fit=728%2C410&ssl=1&resize=525%2C300 1.5x, https:\/\/i0.wp.com\/caetenews.com.br\/semana\/wp-content\/uploads\/2023\/06\/070a.jpg?fit=728%2C410&ssl=1&resize=700%2C400 2x"},"classes":[]},{"id":10759,"url":"https:\/\/caetenews.com.br\/semana\/resumos-de-novela-garota-do-momento-04-a-09-11\/","url_meta":{"origin":5419,"position":4},"title":"Resumos de Novela: Garota do Momento (19 a 28\/6))","author":"Paulo Ant\u00f4nio","date":"02\/11\/2024","format":false,"excerpt":"Resumos de Novela: O que acontece nos cap\u00edtulos da semana de Garota do Momento","rel":"","context":"Em &quot;Globo&quot;","block_context":{"text":"Globo","link":"https:\/\/caetenews.com.br\/semana\/category\/globo\/"},"img":{"alt_text":"","src":"https:\/\/i0.wp.com\/caetenews.com.br\/semana\/wp-content\/uploads\/2024\/11\/40407c.jpg?fit=728%2C407&ssl=1&resize=350%2C200","width":350,"height":200,"srcset":"https:\/\/i0.wp.com\/caetenews.com.br\/semana\/wp-content\/uploads\/2024\/11\/40407c.jpg?fit=728%2C407&ssl=1&resize=350%2C200 1x, https:\/\/i0.wp.com\/caetenews.com.br\/semana\/wp-content\/uploads\/2024\/11\/40407c.jpg?fit=728%2C407&ssl=1&resize=525%2C300 1.5x, https:\/\/i0.wp.com\/caetenews.com.br\/semana\/wp-content\/uploads\/2024\/11\/40407c.jpg?fit=728%2C407&ssl=1&resize=700%2C400 2x"},"classes":[]},{"id":8984,"url":"https:\/\/caetenews.com.br\/semana\/resumo-da-novela-no-rancho-fundo\/","url_meta":{"origin":5419,"position":5},"title":"Resumos de novela: No Rancho Fundo (28\/10 a 02\/11)","author":"Paulo Ant\u00f4nio","date":"13\/05\/2024","format":false,"excerpt":"Resumos de Novela... Em No Rancho Fundo nesta segunda-feira, dia 28 de outubo, Marcelo Gouveia conta a Blandina sobre a morte de Primo C\u00edcero. Timb\u00f3 e Seu Tico...","rel":"","context":"Em &quot;Novelas&quot;","block_context":{"text":"Novelas","link":"https:\/\/caetenews.com.br\/semana\/category\/novelas\/"},"img":{"alt_text":"Foto de cena, em Resumo da novela No Rancho Fundo","src":"https:\/\/i0.wp.com\/caetenews.com.br\/semana\/resumos\/noranchofundo01.jpg?resize=350%2C200&ssl=1","width":350,"height":200,"srcset":"https:\/\/i0.wp.com\/caetenews.com.br\/semana\/resumos\/noranchofundo01.jpg?resize=350%2C200&ssl=1 1x, https:\/\/i0.wp.com\/caetenews.com.br\/semana\/resumos\/noranchofundo01.jpg?resize=525%2C300&ssl=1 1.5x, https:\/\/i0.wp.com\/caetenews.com.br\/semana\/resumos\/noranchofundo01.jpg?resize=700%2C400&ssl=1 2x"},"classes":[]}],"_links":{"self":[{"href":"https:\/\/caetenews.com.br\/semana\/wp-json\/wp\/v2\/posts\/5419","targetHints":{"allow":["GET"]}}],"collection":[{"href":"https:\/\/caetenews.com.br\/semana\/wp-json\/wp\/v2\/posts"}],"about":[{"href":"https:\/\/caetenews.com.br\/semana\/wp-json\/wp\/v2\/types\/post"}],"author":[{"embeddable":true,"href":"https:\/\/caetenews.com.br\/semana\/wp-json\/wp\/v2\/users\/1"}],"replies":[{"embeddable":true,"href":"https:\/\/caetenews.com.br\/semana\/wp-json\/wp\/v2\/comments?post=5419"}],"version-history":[{"count":0,"href":"https:\/\/caetenews.com.br\/semana\/wp-json\/wp\/v2\/posts\/5419\/revisions"}],"wp:featuredmedia":[{"embeddable":true,"href":"https:\/\/caetenews.com.br\/semana\/wp-json\/wp\/v2\/media\/5420"}],"wp:attachment":[{"href":"https:\/\/caetenews.com.br\/semana\/wp-json\/wp\/v2\/media?parent=5419"}],"wp:term":[{"taxonomy":"category","embeddable":true,"href":"https:\/\/caetenews.com.br\/semana\/wp-json\/wp\/v2\/categories?post=5419"},{"taxonomy":"post_tag","embeddable":true,"href":"https:\/\/caetenews.com.br\/semana\/wp-json\/wp\/v2\/tags?post=5419"}],"curies":[{"name":"wp","href":"https:\/\/api.w.org\/{rel}","templated":true}]}}