{"id":8505,"date":"2024-03-02T16:08:53","date_gmt":"2024-03-02T19:08:53","guid":{"rendered":"https:\/\/caetenews.com.br\/semana\/?p=8505"},"modified":"2024-03-03T15:08:32","modified_gmt":"2024-03-03T18:08:32","slug":"bolinho-de-arroz","status":"publish","type":"post","link":"https:\/\/caetenews.com.br\/semana\/bolinho-de-arroz\/","title":{"rendered":"Bolinho de arroz"},"content":{"rendered":"<p><img data-recalc-dims=\"1\" fetchpriority=\"high\" decoding=\"async\" data-attachment-id=\"8507\" data-permalink=\"https:\/\/caetenews.com.br\/semana\/bolinho-de-arroz\/001-2\/\" data-orig-file=\"https:\/\/i0.wp.com\/caetenews.com.br\/semana\/wp-content\/uploads\/2024\/03\/001.jpg?fit=428%2C285&amp;ssl=1\" data-orig-size=\"428,285\" data-comments-opened=\"0\" data-image-meta=\"{&quot;aperture&quot;:&quot;0&quot;,&quot;credit&quot;:&quot;&quot;,&quot;camera&quot;:&quot;&quot;,&quot;caption&quot;:&quot;&quot;,&quot;created_timestamp&quot;:&quot;0&quot;,&quot;copyright&quot;:&quot;&quot;,&quot;focal_length&quot;:&quot;0&quot;,&quot;iso&quot;:&quot;0&quot;,&quot;shutter_speed&quot;:&quot;0&quot;,&quot;title&quot;:&quot;&quot;,&quot;orientation&quot;:&quot;0&quot;}\" data-image-title=\"Bolinho de arroz\" data-image-description=\"\" data-image-caption=\"\" data-large-file=\"https:\/\/i0.wp.com\/caetenews.com.br\/semana\/wp-content\/uploads\/2024\/03\/001.jpg?fit=428%2C285&amp;ssl=1\" src=\"https:\/\/i0.wp.com\/caetenews.com.br\/semana\/wp-content\/uploads\/2024\/03\/001.jpg?resize=428%2C285&#038;ssl=1\" alt=\"Foto em Bolinho de arroz\" width=\"428\" height=\"285\" class=\"alignnone size-full wp-image-8507\" \/><br \/>\n<strong>INGREDIENTES<\/strong><br \/>\n3 x\u00edcaras de arroz pronto<br \/>\n1 ovo<br \/>\n1 caixinha de Mistura de Creme de Leite Mococa<br \/>\n1 pacote de Queijo Ralado Mococa<br \/>\nSalsinha, sal e pimenta a gosto<\/p>\n<p><strong>PREPARO<\/strong><br \/>\nColoque todos os ingredientes em um recipiente e misture at\u00e9 formar uma massa homog\u00eanea,<br \/>\nfirme e encorpada. Depois, molde os bolinhos no tamanho de sua prefer\u00eancia e frite-os no \u00f3leo<br \/>\nquente, at\u00e9 que fiquem dourados. Agora \u00e9 s\u00f3 servir para a galera.<br \/>\n<em><a href=\"https:\/\/www.mococa.com.br\/receita\/bolinho-de-arroz-mococa\/\" rel=\"noopener nofollow\" target=\"_blank\">Fonte: Mococa<\/a><\/em><\/p>\n","protected":false},"excerpt":{"rendered":"<p>INGREDIENTES 3 x\u00edcaras de arroz pronto 1 ovo 1 caixinha de Mistura de Creme de Leite Mococa 1 pacote de Queijo Ralado Mococa Salsinha, sal e pimenta a gosto PREPARO Coloque todos os ingredientes em um recipiente e misture at\u00e9 formar uma massa homog\u00eanea, firme e encorpada. Depois, molde os bolinhos no tamanho de sua [&hellip;]<\/p>\n","protected":false},"author":1,"featured_media":8507,"comment_status":"closed","ping_status":"closed","sticky":false,"template":"","format":"standard","meta":{"_monsterinsights_skip_tracking":false,"_monsterinsights_sitenote_active":false,"_monsterinsights_sitenote_note":"","_monsterinsights_sitenote_category":0,"_jetpack_memberships_contains_paid_content":false,"footnotes":"","jetpack_publicize_message":"","jetpack_publicize_feature_enabled":true,"jetpack_social_post_already_shared":true,"jetpack_social_options":{"image_generator_settings":{"template":"highway","default_image_id":0,"font":"","enabled":false},"version":2},"_wp_rev_ctl_limit":""},"categories":[260],"tags":[261,262,266],"class_list":["post-8505","post","type-post","status-publish","format-standard","has-post-thumbnail","hentry","category-culinaria","tag-bolinho-de-arroz","tag-mococa","tag-salgados"],"aioseo_notices":[],"jetpack_publicize_connections":[],"jetpack_featured_media_url":"https:\/\/i0.wp.com\/caetenews.com.br\/semana\/wp-content\/uploads\/2024\/03\/001.jpg?fit=428%2C285&ssl=1","jetpack_shortlink":"https:\/\/wp.me\/pcIKFi-2db","jetpack_sharing_enabled":true,"jetpack_likes_enabled":true,"jetpack-related-posts":[{"id":7463,"url":"https:\/\/caetenews.com.br\/semana\/bake-off-brasil-tem-bolo-de-casamento-e-bolinho-de-chuva-nas-provas-da-semana\/","url_meta":{"origin":8505,"position":0},"title":"\u201cBake Off Brasil\u201d tem bolo de casamento e bolinho de chuva nas provas da semana","author":"Paulo Ant\u00f4nio","date":"23\/11\/2023","format":false,"excerpt":"No \u201cBake Off Brasil \u2013 M\u00e3o na Massa\u201d, deste s\u00e1bado, 25 de novembro, o p\u00fablico vai se sentir nost\u00e1lgico ao acompanhar os confeiteiros em uma s\u00e9rie de provas com doces amados pelos brasileiros...","rel":"","context":"Em &quot;SBT&quot;","block_context":{"text":"SBT","link":"https:\/\/caetenews.com.br\/semana\/category\/sbt\/"},"img":{"alt_text":"Foto em \u201cBake Off Brasil\u201d tem bolo de casamento","src":"https:\/\/i0.wp.com\/caetenews.com.br\/semana\/wp-content\/uploads\/2023\/11\/38797.jpg?fit=728%2C410&ssl=1&resize=350%2C200","width":350,"height":200,"srcset":"https:\/\/i0.wp.com\/caetenews.com.br\/semana\/wp-content\/uploads\/2023\/11\/38797.jpg?fit=728%2C410&ssl=1&resize=350%2C200 1x, https:\/\/i0.wp.com\/caetenews.com.br\/semana\/wp-content\/uploads\/2023\/11\/38797.jpg?fit=728%2C410&ssl=1&resize=525%2C300 1.5x, https:\/\/i0.wp.com\/caetenews.com.br\/semana\/wp-content\/uploads\/2023\/11\/38797.jpg?fit=728%2C410&ssl=1&resize=700%2C400 2x"},"classes":[]},{"id":8520,"url":"https:\/\/caetenews.com.br\/semana\/pave-de-amendoim\/","url_meta":{"origin":8505,"position":1},"title":"Pav\u00ea de Amendoim","author":"Paulo Ant\u00f4nio","date":"03\/03\/2024","format":false,"excerpt":"Pav\u00ea de Amendoim Ingredientes Creme 1 lata ou caixinha de Leite MO\u00c7A\u00ae (395g) 1 lata de NESTL\u00c9\u00ae Creme de Leite 1 medida (lata) de Leite L\u00edquido NINHO\u00ae Forti+ Integral 4 colheres (sopa) de amido de milho meia x\u00edcara de amendoim torrado triturado Ganache 2 tabletes de Chocolate GAROT\u00c3O Amendoim (300g)\u2026","rel":"","context":"Em &quot;Culin\u00e1ria&quot;","block_context":{"text":"Culin\u00e1ria","link":"https:\/\/caetenews.com.br\/semana\/category\/culinaria\/"},"img":{"alt_text":"Pav\u00ea de Amendoim","src":"https:\/\/i0.wp.com\/caetenews.com.br\/semana\/wp-content\/uploads\/2024\/03\/002.jpg?fit=410%2C210&ssl=1&resize=350%2C200","width":350,"height":200},"classes":[]},{"id":9608,"url":"https:\/\/caetenews.com.br\/semana\/canjiquinha-tradicional\/","url_meta":{"origin":8505,"position":2},"title":"Canjiquinha tradicional","author":"Paulo Ant\u00f4nio","date":"29\/09\/2023","format":false,"excerpt":"Canjiquinha tradicional Cozinhe a canjiquinha com 2 colheres de \u00f3leo, por cerca de 10 minutos, ou at\u00e9 que esteja bem macia, mexendo sempre para n\u00e3o...","rel":"","context":"Em &quot;Culin\u00e1ria&quot;","block_context":{"text":"Culin\u00e1ria","link":"https:\/\/caetenews.com.br\/semana\/category\/culinaria\/"},"img":{"alt_text":"Foto de por\u00e7\u00e3o de Canjiquinha tradicional","src":"https:\/\/i0.wp.com\/caetenews.com.br\/semana\/wp-content\/uploads\/2024\/05\/121.jpg?fit=728%2C410&ssl=1&resize=350%2C200","width":350,"height":200,"srcset":"https:\/\/i0.wp.com\/caetenews.com.br\/semana\/wp-content\/uploads\/2024\/05\/121.jpg?fit=728%2C410&ssl=1&resize=350%2C200 1x, https:\/\/i0.wp.com\/caetenews.com.br\/semana\/wp-content\/uploads\/2024\/05\/121.jpg?fit=728%2C410&ssl=1&resize=525%2C300 1.5x, https:\/\/i0.wp.com\/caetenews.com.br\/semana\/wp-content\/uploads\/2024\/05\/121.jpg?fit=728%2C410&ssl=1&resize=700%2C400 2x"},"classes":[]},{"id":4551,"url":"https:\/\/caetenews.com.br\/semana\/netflix-estreia-nesta-sexta-13-a-2a-temporada-de-valeria\/","url_meta":{"origin":8505,"position":3},"title":"Netflix estreia nesta sexta (13) a 2\u00aa temporada de Val\u00e9ria","author":"Paulo Ant\u00f4nio","date":"13\/08\/2021","format":false,"excerpt":"Val\u00e9ria \u00e9 uma romancista em crise, tanto com a escrita quanto com seu marido. Por sorte, suas tr\u00eas melhores amigas, Carmen, Lola e Nerea...","rel":"","context":"Em &quot;Netflix&quot;","block_context":{"text":"Netflix","link":"https:\/\/caetenews.com.br\/semana\/category\/netflix\/"},"img":{"alt_text":"Foto de divulga\u00e7\u00e3o de Val\u00e9ria","src":"https:\/\/i0.wp.com\/caetenews.com.br\/semana\/wp-content\/uploads\/2021\/08\/valeria3.jpg?fit=600%2C360&ssl=1&resize=350%2C200","width":350,"height":200,"srcset":"https:\/\/i0.wp.com\/caetenews.com.br\/semana\/wp-content\/uploads\/2021\/08\/valeria3.jpg?fit=600%2C360&ssl=1&resize=350%2C200 1x, https:\/\/i0.wp.com\/caetenews.com.br\/semana\/wp-content\/uploads\/2021\/08\/valeria3.jpg?fit=600%2C360&ssl=1&resize=525%2C300 1.5x"},"classes":[]},{"id":7965,"url":"https:\/\/caetenews.com.br\/semana\/nova-temporada-de-vicky-e-a-musa-estreia-no-globoplay-dia-24\/","url_meta":{"origin":8505,"position":4},"title":"Nova temporada de \u2018Vicky e a Musa\u2019 estreia no Globoplay dia 24","author":"Paulo Ant\u00f4nio","date":"12\/01\/2024","format":false,"excerpt":"Embalada por essa atmosfera, no dia 24 estreia a segunda temporada da s\u00e9rie \u2018Vicky e a Musa\u2019, original Globoplay, com 13 epis\u00f3dios in\u00e9ditos que continuam a hist\u00f3ria do primeiro musical dos Est\u00fadios Globo e misturam hits contempor\u00e2neos...","rel":"","context":"Em &quot;Globoplay&quot;","block_context":{"text":"Globoplay","link":"https:\/\/caetenews.com.br\/semana\/category\/globoplay\/"},"img":{"alt_text":"Foto em Vicky e a Musa","src":"https:\/\/i0.wp.com\/caetenews.com.br\/semana\/wp-content\/uploads\/2024\/01\/39255.jpg?fit=728%2C410&ssl=1&resize=350%2C200","width":350,"height":200,"srcset":"https:\/\/i0.wp.com\/caetenews.com.br\/semana\/wp-content\/uploads\/2024\/01\/39255.jpg?fit=728%2C410&ssl=1&resize=350%2C200 1x, https:\/\/i0.wp.com\/caetenews.com.br\/semana\/wp-content\/uploads\/2024\/01\/39255.jpg?fit=728%2C410&ssl=1&resize=525%2C300 1.5x, https:\/\/i0.wp.com\/caetenews.com.br\/semana\/wp-content\/uploads\/2024\/01\/39255.jpg?fit=728%2C410&ssl=1&resize=700%2C400 2x"},"classes":[]},{"id":3844,"url":"https:\/\/caetenews.com.br\/semana\/disney-muda-este-mes-o-nome-da-marca-fox-channel-para-star-channel-na-america-latina\/","url_meta":{"origin":8505,"position":5},"title":"Disney muda este m\u00eas o nome da marca Fox Channel para Star Channel na Am\u00e9rica Latina","author":"Paulo Ant\u00f4nio","date":"03\/02\/2021","format":false,"excerpt":"Vai ocorrer neste m\u00eas de fevereiro - a previs\u00e3o \u00e9 e que seja em 22 de fevereiro no Brasil e Am\u00e9rica Latina -, a mudan\u00e7a do nome da Fox Channel que passar\u00e1 a se chamar\u00e1 Star Channel. Segundo a The Walt Disney Company Latin America, os canais Star seguir\u00e3o com\u2026","rel":"","context":"Em &quot;Not\u00edcias&quot;","block_context":{"text":"Not\u00edcias","link":"https:\/\/caetenews.com.br\/semana\/category\/noticias\/"},"img":{"alt_text":"","src":"https:\/\/i0.wp.com\/caetenews.com.br\/semana\/wp-content\/uploads\/2021\/02\/26348.jpg?fit=350%2C217&ssl=1&resize=350%2C200","width":350,"height":200},"classes":[]}],"_links":{"self":[{"href":"https:\/\/caetenews.com.br\/semana\/wp-json\/wp\/v2\/posts\/8505","targetHints":{"allow":["GET"]}}],"collection":[{"href":"https:\/\/caetenews.com.br\/semana\/wp-json\/wp\/v2\/posts"}],"about":[{"href":"https:\/\/caetenews.com.br\/semana\/wp-json\/wp\/v2\/types\/post"}],"author":[{"embeddable":true,"href":"https:\/\/caetenews.com.br\/semana\/wp-json\/wp\/v2\/users\/1"}],"replies":[{"embeddable":true,"href":"https:\/\/caetenews.com.br\/semana\/wp-json\/wp\/v2\/comments?post=8505"}],"version-history":[{"count":2,"href":"https:\/\/caetenews.com.br\/semana\/wp-json\/wp\/v2\/posts\/8505\/revisions"}],"predecessor-version":[{"id":8523,"href":"https:\/\/caetenews.com.br\/semana\/wp-json\/wp\/v2\/posts\/8505\/revisions\/8523"}],"wp:featuredmedia":[{"embeddable":true,"href":"https:\/\/caetenews.com.br\/semana\/wp-json\/wp\/v2\/media\/8507"}],"wp:attachment":[{"href":"https:\/\/caetenews.com.br\/semana\/wp-json\/wp\/v2\/media?parent=8505"}],"wp:term":[{"taxonomy":"category","embeddable":true,"href":"https:\/\/caetenews.com.br\/semana\/wp-json\/wp\/v2\/categories?post=8505"},{"taxonomy":"post_tag","embeddable":true,"href":"https:\/\/caetenews.com.br\/semana\/wp-json\/wp\/v2\/tags?post=8505"}],"curies":[{"name":"wp","href":"https:\/\/api.w.org\/{rel}","templated":true}]}}