{"id":8984,"date":"2024-05-13T10:30:36","date_gmt":"2024-05-13T13:30:36","guid":{"rendered":"https:\/\/caetenews.com.br\/semana\/?p=8984"},"modified":"2024-10-28T15:44:13","modified_gmt":"2024-10-28T18:44:13","slug":"resumo-da-novela-no-rancho-fundo","status":"publish","type":"post","link":"https:\/\/caetenews.com.br\/semana\/resumo-da-novela-no-rancho-fundo\/","title":{"rendered":"Resumos de novela: No Rancho Fundo (28\/10 a 02\/11)"},"content":{"rendered":"<p><em>Resumo de novela: No Rancho Fundo<\/em><\/p>\n<h2 style=\"text-align: center;\">\u00daltimos cap\u00edtulos<\/h2>\n<figure style=\"width: 728px\" class=\"wp-caption alignnone\"><img data-recalc-dims=\"1\" fetchpriority=\"high\" decoding=\"async\" title=\"(Foto: TV Globo\/No Rancho Fundo)\" src=\"https:\/\/i0.wp.com\/caetenews.com.br\/semana\/resumos\/noranchofundo01.jpg?resize=728%2C450&#038;ssl=1\" alt=\"Foto de cena, em Resumo da novela No Rancho Fundo\" width=\"728\" height=\"450\" \/><figcaption class=\"wp-caption-text\">Resumo da novela No Rancho Fundo<\/figcaption><\/figure>\n<p><!--INICIO POST--><\/p>\n<h2 style=\"color: #0000ff;\">Resumo de segunda-feira, 28 de outubro<\/h2>\n<p>Marcelo Gouveia conta a Blandina sobre a morte de Primo C\u00edcero. Timb\u00f3 e Seu Tico Leonel levantam suspeitos do suposto assassinato de Primo C\u00edcero para Floro Borromeu. A mando de Ariosto, Elias posiciona as dinamites na Gruta Azul. Tia Salete e Floro Borromeu planejam a data de seu casamento. Esperan\u00e7a e F\u00e9 se desesperam ao saber da morte de Primo C\u00edcero, e Caridade se sente culpada por saber da verdade. Benvinda estranha a presen\u00e7a de Elias pr\u00f3ximo \u00e0 Gruta Azul, mas o rapaz a despista. Esperan\u00e7a exige que Jord\u00e3o Nic\u00e1cio encontre o assassino de seu pai. No suposto vel\u00f3rio de Primo C\u00edcero, Artur percebe algo estranho em Elias.<\/p>\n<h2 style=\"color: #0000ff;\">Resumo de ter\u00e7a-feira, 29 de outubro<\/h2>\n<p>Artur e Quinota deduzem que Elias esteve na Gruta Azul. Corina Castelo e Rafaela invadem a loja de Tia Salete, e sabotam o material da costureira. Todos v\u00e3o ao suposto vel\u00f3rio de Primo C\u00edcero. Esperan\u00e7a termina o relacionamento com Jord\u00e3o Nic\u00e1cio. Timb\u00f3 e Seu Tico Leonel seguem Jord\u00e3o Nic\u00e1cio. Elias surpreende Benvinda com sua escola pronta. Nivalda e Sab\u00e1 Bod\u00f3 pensam em lucrar com a morte de Primo C\u00edcero. Aldenor conhece Xaviera. Xaviera furta Romera, a assistente virtual de Sab\u00e1 Bod\u00f3. Seu Tico Leonel e Timb\u00f3 descobrem que foi Jord\u00e3o Nic\u00e1cio quem atirou contra Primo C\u00edcero, e Zefa Leonel questiona sobre o mandante do atentado. Artur confronta Elias.<\/p>\n<h2 style=\"color: #0000ff;\">Resumo de quarta-feira, 30 de outubro<\/h2>\n<p>Elias revela a Artur que \u00e9 filho de Ariosto. Esperan\u00e7a confessa a F\u00e9 que a morte de Primo C\u00edcero \u00e9 sua culpa, mas Blandina interrompe a conversa das irm\u00e3s. Quintilha arma uma confus\u00e3o no vel\u00f3rio, e todos acabam descobrindo que o caix\u00e3o de Primo C\u00edcero est\u00e1 vazio. Padre Zezo exige uma explica\u00e7\u00e3o dos Leonel sobre a morte de Primo C\u00edcero. Xaviera e Aldenor conseguem desbloquear Romera, que entrega todos os crimes de Sab\u00e1 Bod\u00f3 e Nivalda. Primo C\u00edcero se apresenta \u00e0 fam\u00edlia e explica o que lhe aconteceu. Cira d\u00e1 para F\u00e9 um pendrive e pede que a amiga o entregue a Zefa Leonel. Floro Borromeu e Guarda Marconi prendem Jord\u00e3o Nic\u00e1cio. Zefa Leonel e Quinota descobrem os mandantes do crime contra Primo C\u00edcero. Zefa Leonel procura Ariosto.<\/p>\n<h2 style=\"color: #0000ff;\">Resumo de quinta e sexta<\/h2>\n<p>\u00daltimos cap\u00edtulos, n\u00e3o divulgados<\/p>\n<h2 style=\"color: #0000ff;\">Resumo de s\u00e1bado, 02 de novembro<\/h2>\n<p>Reapresenta\u00e7\u00e3o do \u00faltimo cap\u00edtulo.<br \/>\n<!--FIM DO POST--><br \/>\nNo Rancho Fundo, novelas das 18h da TV Globo. Na trama, Quinota sonha em encontrar Marcelo Gouveia. Ela foi criada em meio \u00e0s galinhas e Marcelo \u00e9 de Lap\u00e3o da Beirada, parte urbana da regi\u00e3o sertaneja. Os dois s\u00e3o de universos distintos, que caracterizam-se por seus in\u00fameros contrastes.<\/p>\n<div class=\"fb-comments\" data-width=\"100%\" data-order-by=\"reverse_time\" data-numposts=\"5\"><\/div>\n<p><!--END POST--><\/p>\n<h2>\u00daltimas publica\u00e7\u00f5es:<\/h2>\n<div class=\"pt-cv-wrapper\"><div class=\"pt-cv-view pt-cv-grid pt-cv-colsys\" id=\"pt-cv-view-c6a7eef2p9\"><div data-id=\"pt-cv-page-1\" class=\"pt-cv-page\" data-cvc=\"2\"><div class=\"col-md-6 col-sm-6 col-xs-12 pt-cv-content-item pt-cv-1-col\" ><div class='pt-cv-ifield'><a href=\"https:\/\/caetenews.com.br\/semana\/resumos-de-novelas-tres-gracas\/\" class=\"_self pt-cv-href-thumbnail pt-cv-thumb-default\" target=\"_self\" ><img decoding=\"async\" width=\"728\" height=\"409\" src=\"https:\/\/i0.wp.com\/caetenews.com.br\/semana\/wp-content\/uploads\/2025\/10\/12235.jpg?fit=728%2C409&amp;ssl=1\" class=\"pt-cv-thumbnail\" alt=\"Foto em Resumos de Novelas: Tr\u00eas Gra\u00e7as\" data-attachment-id=\"46537\" data-permalink=\"https:\/\/caetenews.com.br\/semana\/?attachment_id=46537\" data-orig-file=\"https:\/\/i0.wp.com\/caetenews.com.br\/semana\/wp-content\/uploads\/2025\/10\/12235.jpg?fit=728%2C409&amp;ssl=1\" data-orig-size=\"728,409\" data-comments-opened=\"0\" data-image-meta=\"{&quot;aperture&quot;:&quot;0&quot;,&quot;credit&quot;:&quot;&quot;,&quot;camera&quot;:&quot;&quot;,&quot;caption&quot;:&quot;&quot;,&quot;created_timestamp&quot;:&quot;0&quot;,&quot;copyright&quot;:&quot;&quot;,&quot;focal_length&quot;:&quot;0&quot;,&quot;iso&quot;:&quot;0&quot;,&quot;shutter_speed&quot;:&quot;0&quot;,&quot;title&quot;:&quot;&quot;,&quot;orientation&quot;:&quot;0&quot;}\" data-image-title=\"Tr\u00eas Gra\u00e7as\" data-image-description=\"\" data-image-caption=\"&lt;p&gt;Resumos de Novelas: Tr\u00eas Gra\u00e7as&lt;\/p&gt;\n\" data-large-file=\"https:\/\/i0.wp.com\/caetenews.com.br\/semana\/wp-content\/uploads\/2025\/10\/12235.jpg?fit=728%2C409&amp;ssl=1\" \/><\/a>\n<h4 class=\"pt-cv-title\"><a href=\"https:\/\/caetenews.com.br\/semana\/resumos-de-novelas-tres-gracas\/\" class=\"_self\" target=\"_self\" >Resumos de Novelas: Tr\u00eas Gra\u00e7as<\/a><\/h4><\/div><\/div>\n<div class=\"col-md-6 col-sm-6 col-xs-12 pt-cv-content-item pt-cv-1-col\" ><div class='pt-cv-ifield'><a href=\"https:\/\/caetenews.com.br\/semana\/resumos-de-novela-eta-mundo-melhor-de-30-06-a-05-de-julho\/\" class=\"_self pt-cv-href-thumbnail pt-cv-thumb-default\" target=\"_self\" ><img decoding=\"async\" width=\"728\" height=\"410\" src=\"https:\/\/i0.wp.com\/caetenews.com.br\/semana\/wp-content\/uploads\/2025\/06\/12774.jpg?fit=728%2C410&amp;ssl=1\" class=\"pt-cv-thumbnail\" alt=\"Foto em Resumos da Semana de \u00cata Mundo Melhor!\" data-attachment-id=\"46925\" data-permalink=\"https:\/\/caetenews.com.br\/semana\/resumos-de-novela-eta-mundo-melhor-de-30-06-a-05-de-julho\/attachment\/12774\/\" data-orig-file=\"https:\/\/i0.wp.com\/caetenews.com.br\/semana\/wp-content\/uploads\/2025\/06\/12774.jpg?fit=728%2C410&amp;ssl=1\" data-orig-size=\"728,410\" data-comments-opened=\"0\" data-image-meta=\"{&quot;aperture&quot;:&quot;0&quot;,&quot;credit&quot;:&quot;&quot;,&quot;camera&quot;:&quot;&quot;,&quot;caption&quot;:&quot;&quot;,&quot;created_timestamp&quot;:&quot;0&quot;,&quot;copyright&quot;:&quot;&quot;,&quot;focal_length&quot;:&quot;0&quot;,&quot;iso&quot;:&quot;0&quot;,&quot;shutter_speed&quot;:&quot;0&quot;,&quot;title&quot;:&quot;&quot;,&quot;orientation&quot;:&quot;0&quot;}\" data-image-title=\"\u00cata Mundo Melhor\" data-image-description=\"\" data-image-caption=\"&lt;p&gt;Foto em Resumos da Semana de \u00cata Mundo Melhor!&lt;\/p&gt;\n\" data-large-file=\"https:\/\/i0.wp.com\/caetenews.com.br\/semana\/wp-content\/uploads\/2025\/06\/12774.jpg?fit=728%2C410&amp;ssl=1\" \/><\/a>\n<h4 class=\"pt-cv-title\"><a href=\"https:\/\/caetenews.com.br\/semana\/resumos-de-novela-eta-mundo-melhor-de-30-06-a-05-de-julho\/\" class=\"_self\" target=\"_self\" >Resumos de novela: \u00cata Mundo Melhor!<\/a><\/h4><\/div><\/div>\n<div class=\"col-md-6 col-sm-6 col-xs-12 pt-cv-content-item pt-cv-1-col\" ><div class='pt-cv-ifield'><a href=\"https:\/\/caetenews.com.br\/semana\/resumos-de-novelas-dona-de-mim-12-a-17-5\/\" class=\"_self pt-cv-href-thumbnail pt-cv-thumb-default\" target=\"_self\" ><img loading=\"lazy\" decoding=\"async\" width=\"728\" height=\"409\" src=\"https:\/\/i0.wp.com\/caetenews.com.br\/semana\/wp-content\/uploads\/2025\/05\/11136b.jpg?fit=728%2C409&amp;ssl=1\" class=\"pt-cv-thumbnail\" alt=\"Foto em Resumos de Novelas: Dona de Mim\" data-attachment-id=\"11896\" data-permalink=\"https:\/\/caetenews.com.br\/semana\/resumos-de-novelas-dona-de-mim-12-a-17-5\/11136b\/\" data-orig-file=\"https:\/\/i0.wp.com\/caetenews.com.br\/semana\/wp-content\/uploads\/2025\/05\/11136b.jpg?fit=728%2C409&amp;ssl=1\" data-orig-size=\"728,409\" data-comments-opened=\"0\" data-image-meta=\"{&quot;aperture&quot;:&quot;0&quot;,&quot;credit&quot;:&quot;&quot;,&quot;camera&quot;:&quot;&quot;,&quot;caption&quot;:&quot;&quot;,&quot;created_timestamp&quot;:&quot;0&quot;,&quot;copyright&quot;:&quot;&quot;,&quot;focal_length&quot;:&quot;0&quot;,&quot;iso&quot;:&quot;0&quot;,&quot;shutter_speed&quot;:&quot;0&quot;,&quot;title&quot;:&quot;&quot;,&quot;orientation&quot;:&quot;0&quot;}\" data-image-title=\"Dona de Mim\" data-image-description=\"\" data-image-caption=\"\" data-large-file=\"https:\/\/i0.wp.com\/caetenews.com.br\/semana\/wp-content\/uploads\/2025\/05\/11136b.jpg?fit=728%2C409&amp;ssl=1\" \/><\/a>\n<h4 class=\"pt-cv-title\"><a href=\"https:\/\/caetenews.com.br\/semana\/resumos-de-novelas-dona-de-mim-12-a-17-5\/\" class=\"_self\" target=\"_self\" >Resumos de Novela: Dona de Mim<\/a><\/h4><\/div><\/div>\n<div class=\"col-md-6 col-sm-6 col-xs-12 pt-cv-content-item pt-cv-1-col\" ><div class='pt-cv-ifield'><a href=\"https:\/\/caetenews.com.br\/semana\/onde-assistir-os-jogos-da-libertadores-e-sul-americana\/\" class=\"_self pt-cv-href-thumbnail pt-cv-thumb-default\" target=\"_self\" ><img loading=\"lazy\" decoding=\"async\" width=\"728\" height=\"410\" src=\"https:\/\/i0.wp.com\/caetenews.com.br\/semana\/wp-content\/uploads\/2025\/04\/10784.jpg?fit=728%2C410&amp;ssl=1\" class=\"pt-cv-thumbnail\" alt=\"Foto em Onde assistir os Jogos da Libertadores e Sul-Americana\" data-attachment-id=\"11533\" data-permalink=\"https:\/\/caetenews.com.br\/semana\/onde-assistir-os-jogos-da-libertadores-e-sul-americana\/attachment\/10784\/\" data-orig-file=\"https:\/\/i0.wp.com\/caetenews.com.br\/semana\/wp-content\/uploads\/2025\/04\/10784.jpg?fit=728%2C410&amp;ssl=1\" data-orig-size=\"728,410\" data-comments-opened=\"0\" data-image-meta=\"{&quot;aperture&quot;:&quot;0&quot;,&quot;credit&quot;:&quot;&quot;,&quot;camera&quot;:&quot;&quot;,&quot;caption&quot;:&quot;&quot;,&quot;created_timestamp&quot;:&quot;0&quot;,&quot;copyright&quot;:&quot;&quot;,&quot;focal_length&quot;:&quot;0&quot;,&quot;iso&quot;:&quot;0&quot;,&quot;shutter_speed&quot;:&quot;0&quot;,&quot;title&quot;:&quot;&quot;,&quot;orientation&quot;:&quot;0&quot;}\" data-image-title=\"Libertadores\" data-image-description=\"\" data-image-caption=\"&lt;p&gt;Onde assistir os Jogos da Libertadores e Sul-Americana&lt;\/p&gt;\n\" data-large-file=\"https:\/\/i0.wp.com\/caetenews.com.br\/semana\/wp-content\/uploads\/2025\/04\/10784.jpg?fit=728%2C410&amp;ssl=1\" \/><\/a>\n<h4 class=\"pt-cv-title\"><a href=\"https:\/\/caetenews.com.br\/semana\/onde-assistir-os-jogos-da-libertadores-e-sul-americana\/\" class=\"_self\" target=\"_self\" >Onde assistir os Jogos da Libertadores e Sul-Americana<\/a><\/h4><\/div><\/div>\n<div class=\"col-md-6 col-sm-6 col-xs-12 pt-cv-content-item pt-cv-1-col\" ><div class='pt-cv-ifield'><a href=\"https:\/\/caetenews.com.br\/semana\/filmes-da-semana-na-tv\/\" class=\"_self pt-cv-href-thumbnail pt-cv-thumb-default\" target=\"_self\" ><img loading=\"lazy\" decoding=\"async\" width=\"420\" height=\"236\" src=\"https:\/\/i0.wp.com\/caetenews.com.br\/semana\/wp-content\/uploads\/2017\/02\/filmes433_odiabovesteprada.jpg?fit=420%2C236&amp;ssl=1\" class=\"pt-cv-thumbnail\" alt=\"Foto de O Diabo Veste Prada, em Filmes na TV\" srcset=\"https:\/\/i0.wp.com\/caetenews.com.br\/semana\/wp-content\/uploads\/2017\/02\/filmes433_odiabovesteprada.jpg?w=420&amp;ssl=1 420w, https:\/\/i0.wp.com\/caetenews.com.br\/semana\/wp-content\/uploads\/2017\/02\/filmes433_odiabovesteprada.jpg?resize=300%2C169&amp;ssl=1 300w\" sizes=\"(max-width: 420px) 100vw, 420px\" data-attachment-id=\"750\" data-permalink=\"https:\/\/caetenews.com.br\/semana\/filmes-da-semana-na-tv\/filmes433_odiabovesteprada\/\" data-orig-file=\"https:\/\/i0.wp.com\/caetenews.com.br\/semana\/wp-content\/uploads\/2017\/02\/filmes433_odiabovesteprada.jpg?fit=420%2C236&amp;ssl=1\" data-orig-size=\"420,236\" data-comments-opened=\"1\" data-image-meta=\"{&quot;aperture&quot;:&quot;0&quot;,&quot;credit&quot;:&quot;&quot;,&quot;camera&quot;:&quot;&quot;,&quot;caption&quot;:&quot;&quot;,&quot;created_timestamp&quot;:&quot;0&quot;,&quot;copyright&quot;:&quot;&quot;,&quot;focal_length&quot;:&quot;0&quot;,&quot;iso&quot;:&quot;0&quot;,&quot;shutter_speed&quot;:&quot;0&quot;,&quot;title&quot;:&quot;&quot;,&quot;orientation&quot;:&quot;0&quot;}\" data-image-title=\"O Diabo Veste Prada\" data-image-description=\"\" data-image-caption=\"&lt;p&gt;O Diabo Veste Prada&lt;\/p&gt;\n\" data-large-file=\"https:\/\/i0.wp.com\/caetenews.com.br\/semana\/wp-content\/uploads\/2017\/02\/filmes433_odiabovesteprada.jpg?fit=420%2C236&amp;ssl=1\" \/><\/a>\n<h4 class=\"pt-cv-title\"><a href=\"https:\/\/caetenews.com.br\/semana\/filmes-da-semana-na-tv\/\" class=\"_self\" target=\"_self\" >Filmes da semana na TV<\/a><\/h4><\/div><\/div>\n<div class=\"col-md-6 col-sm-6 col-xs-12 pt-cv-content-item pt-cv-1-col\" ><div class='pt-cv-ifield'><a href=\"https:\/\/caetenews.com.br\/semana\/terceira-temporada-de-origem-chega-ao-globoplay\/\" class=\"_self pt-cv-href-thumbnail pt-cv-thumb-default\" target=\"_self\" ><img loading=\"lazy\" decoding=\"async\" width=\"728\" height=\"410\" src=\"https:\/\/i0.wp.com\/caetenews.com.br\/semana\/wp-content\/uploads\/2025\/02\/10444.jpg?fit=728%2C410&amp;ssl=1\" class=\"pt-cv-thumbnail\" alt=\"Foto em Terceira temporada de \u2018Origem\u2019 chega ao Globoplay\" data-attachment-id=\"11203\" data-permalink=\"https:\/\/caetenews.com.br\/semana\/terceira-temporada-de-origem-chega-ao-globoplay\/attachment\/10444\/\" data-orig-file=\"https:\/\/i0.wp.com\/caetenews.com.br\/semana\/wp-content\/uploads\/2025\/02\/10444.jpg?fit=728%2C410&amp;ssl=1\" data-orig-size=\"728,410\" data-comments-opened=\"0\" data-image-meta=\"{&quot;aperture&quot;:&quot;0&quot;,&quot;credit&quot;:&quot;&quot;,&quot;camera&quot;:&quot;&quot;,&quot;caption&quot;:&quot;&quot;,&quot;created_timestamp&quot;:&quot;0&quot;,&quot;copyright&quot;:&quot;&quot;,&quot;focal_length&quot;:&quot;0&quot;,&quot;iso&quot;:&quot;0&quot;,&quot;shutter_speed&quot;:&quot;0&quot;,&quot;title&quot;:&quot;&quot;,&quot;orientation&quot;:&quot;0&quot;}\" data-image-title=\"\u2018Origem\" data-image-description=\"\" data-image-caption=\"&lt;p&gt;Terceira temporada de \u2018Origem\u2019 chega ao Globoplay&amp;#8230;.&lt;\/p&gt;\n\" data-large-file=\"https:\/\/i0.wp.com\/caetenews.com.br\/semana\/wp-content\/uploads\/2025\/02\/10444.jpg?fit=728%2C410&amp;ssl=1\" \/><\/a>\n<h4 class=\"pt-cv-title\"><a href=\"https:\/\/caetenews.com.br\/semana\/terceira-temporada-de-origem-chega-ao-globoplay\/\" class=\"_self\" target=\"_self\" >Terceira temporada de \u2018Origem\u2019 chega ao Globoplay<\/a><\/h4><\/div><\/div><\/div><\/div><\/div>\n<h2>\u00daltimas not\u00edcias das novelas<\/h2>\n<div class=\"wp-rss-template-container\" data-wpra-template=\"default\" data-template-ctx=\"eyJmZWVkcyI6IjEyOTExIn0=\">\n    <div class=\"wp-rss-aggregator wpra-list-template  \" data-page=\"1\">\n    \n    \n<ul class=\"wpra-item-list rss-aggregator wpra-item-list--bullets wpra-item-list--default\"\n    start=\"1\">\n                        <li class=\"wpra-item feed-item \">\n            \n            \n\n    <a  href=\"https:\/\/www.tvnovelas.com.br\/tvnews\/coracao-de-mae-atilla-decide-abrir-o-jogo-com-karsu\/\" target=\"_blank\" rel=\"nofollow\" class=\"\">Cora\u00e7\u00e3o de M\u00e3e: Atilla decide abrir o jogo com Karsu<\/a>\n\n\n\n\n\n\n<div class=\"wprss-feed-meta\">\n            <span class=\"feed-source\">\n            Source:\n\n                            TVNews\n                    <\/span>\n    \n            <span class=\"feed-date\">\n            Published on 2026-04-27\n        <\/span>\n    \n    <\/div>\n\n\n\n\n\n            \n        <\/li>\n                    <li class=\"wpra-item feed-item \">\n            \n            \n\n    <a  href=\"https:\/\/www.tvnovelas.com.br\/tvnews\/coracao-de-mae-adnan-e-preso-apos-denuncia-de-irmak\/\" target=\"_blank\" rel=\"nofollow\" class=\"\">Em Cora\u00e7\u00e3o de M\u00e3e: Adnan \u00e9 preso ap\u00f3s denuncia de Irmak<\/a>\n\n\n\n\n\n\n<div class=\"wprss-feed-meta\">\n            <span class=\"feed-source\">\n            Source:\n\n                            TVNews\n                    <\/span>\n    \n            <span class=\"feed-date\">\n            Published on 2026-04-26\n        <\/span>\n    \n    <\/div>\n\n\n\n\n\n            \n        <\/li>\n                    <li class=\"wpra-item feed-item \">\n            \n            \n\n    <a  href=\"https:\/\/www.tvnovelas.com.br\/tvnews\/coracao-acelerado-mulher-choca-janete-ao-se-apresentar-como-amante-do-palhares\/\" target=\"_blank\" rel=\"nofollow\" class=\"\">Cora\u00e7\u00e3o Acelerado: Mulher choca Janete ao se apresentar como amante do Palhares<\/a>\n\n\n\n\n\n\n<div class=\"wprss-feed-meta\">\n            <span class=\"feed-source\">\n            Source:\n\n                            TVNews\n                    <\/span>\n    \n            <span class=\"feed-date\">\n            Published on 2026-04-26\n        <\/span>\n    \n    <\/div>\n\n\n\n\n\n            \n        <\/li>\n                    <li class=\"wpra-item feed-item \">\n            \n            \n\n    <a  href=\"https:\/\/www.tvnovelas.com.br\/tvnews\/a-nobreza-do-amor-jendal-dobra-a-recompensa-por-alika\/\" target=\"_blank\" rel=\"nofollow\" class=\"\">A Nobreza do Amor: Jendal dobra a recompensa por Alika<\/a>\n\n\n\n\n\n\n<div class=\"wprss-feed-meta\">\n            <span class=\"feed-source\">\n            Source:\n\n                            TVNews\n                    <\/span>\n    \n            <span class=\"feed-date\">\n            Published on 2026-04-26\n        <\/span>\n    \n    <\/div>\n\n\n\n\n\n            \n        <\/li>\n                    <li class=\"wpra-item feed-item \">\n            \n            \n\n    <a  href=\"https:\/\/www.tvnovelas.com.br\/tvnews\/tres-gracas-bagda-e-preso-por-juquinha\/\" target=\"_blank\" rel=\"nofollow\" class=\"\">Tr\u00eas Gra\u00e7as:  Bagd\u00e1 \u00e9 preso por Juquinha<\/a>\n\n\n\n\n\n\n<div class=\"wprss-feed-meta\">\n            <span class=\"feed-source\">\n            Source:\n\n                            TVNews\n                    <\/span>\n    \n            <span class=\"feed-date\">\n            Published on 2026-04-26\n        <\/span>\n    \n    <\/div>\n\n\n\n\n\n            \n        <\/li>\n                    <li class=\"wpra-item feed-item \">\n            \n            \n\n    <a  href=\"https:\/\/www.tvnovelas.com.br\/tvnews\/a-nobreza-do-amor-virginia-e-humilhada-apos-perder-concurso-de-miss\/\" target=\"_blank\" rel=\"nofollow\" class=\"\">A Nobreza do Amor: Virg\u00ednia \u00e9 humilhada ap\u00f3s perder concurso de miss<\/a>\n\n\n\n\n\n\n<div class=\"wprss-feed-meta\">\n            <span class=\"feed-source\">\n            Source:\n\n                            TVNews\n                    <\/span>\n    \n            <span class=\"feed-date\">\n            Published on 2026-04-25\n        <\/span>\n    \n    <\/div>\n\n\n\n\n\n            \n        <\/li>\n                    <li class=\"wpra-item feed-item \">\n            \n            \n\n    <a  href=\"https:\/\/www.tvnovelas.com.br\/tvnews\/em-coracao-de-mae-nos-capitulos-da-semana-27-4-a-1o-05\/\" target=\"_blank\" rel=\"nofollow\" class=\"\">Em Cora\u00e7\u00e3o de M\u00e3e nos cap\u00edtulos da semana (27\/4 a 1\u00ba\/05)<\/a>\n\n\n\n\n\n\n<div class=\"wprss-feed-meta\">\n            <span class=\"feed-source\">\n            Source:\n\n                            TVNews\n                    <\/span>\n    \n            <span class=\"feed-date\">\n            Published on 2026-04-24\n        <\/span>\n    \n    <\/div>\n\n\n\n\n\n            \n        <\/li>\n                    <li class=\"wpra-item feed-item \">\n            \n            \n\n    <a  href=\"https:\/\/www.tvnovelas.com.br\/tvnews\/coracao-de-mae-adnan-confessa-a-karsu-traicao-a-irmak\/\" target=\"_blank\" rel=\"nofollow\" class=\"\">Cora\u00e7\u00e3o de M\u00e3e: Adnan confessa a Karsu trai\u00e7\u00e3o a Irmak<\/a>\n\n\n\n\n\n\n<div class=\"wprss-feed-meta\">\n            <span class=\"feed-source\">\n            Source:\n\n                            TVNews\n                    <\/span>\n    \n            <span class=\"feed-date\">\n            Published on 2026-04-23\n        <\/span>\n    \n    <\/div>\n\n\n\n\n\n            \n        <\/li>\n                    <li class=\"wpra-item feed-item \">\n            \n            \n\n    <a  href=\"https:\/\/www.tvnovelas.com.br\/tvnews\/chamas-do-destino-iskender-e-preso-apos-denuncia-de-cicek\/\" target=\"_blank\" rel=\"nofollow\" class=\"\">Chamas do Destino: Iskender \u00e9 preso ap\u00f3s den\u00fancia de Cicek<\/a>\n\n\n\n\n\n\n<div class=\"wprss-feed-meta\">\n            <span class=\"feed-source\">\n            Source:\n\n                            TVNews\n                    <\/span>\n    \n            <span class=\"feed-date\">\n            Published on 2026-04-23\n        <\/span>\n    \n    <\/div>\n\n\n\n\n\n            \n        <\/li>\n                    <li class=\"wpra-item feed-item \">\n            \n            \n\n    <a  href=\"https:\/\/www.tvnovelas.com.br\/tvnews\/a-nobreza-do-amor-alika-desbanca-virginia-e-garante-vitoria-de-eugenia\/\" target=\"_blank\" rel=\"nofollow\" class=\"\">A Nobreza do Amor: Alika desbanca Virg\u00ednia e garante vit\u00f3ria de Eug\u00eania<\/a>\n\n\n\n\n\n\n<div class=\"wprss-feed-meta\">\n            <span class=\"feed-source\">\n            Source:\n\n                            TVNews\n                    <\/span>\n    \n            <span class=\"feed-date\">\n            Published on 2026-04-23\n        <\/span>\n    \n    <\/div>\n\n\n\n\n\n            \n        <\/li>\n                    <li class=\"wpra-item feed-item \">\n            \n            \n\n    <a  href=\"https:\/\/www.tvnovelas.com.br\/tvnews\/tres-gracas-arminda-flagra-ferette-e-samira\/\" target=\"_blank\" rel=\"nofollow\" class=\"\">Tr\u00eas Gra\u00e7as: Arminda flagra Ferette e Samira<\/a>\n\n\n\n\n\n\n<div class=\"wprss-feed-meta\">\n            <span class=\"feed-source\">\n            Source:\n\n                            TVNews\n                    <\/span>\n    \n            <span class=\"feed-date\">\n            Published on 2026-04-23\n        <\/span>\n    \n    <\/div>\n\n\n\n\n\n            \n        <\/li>\n                    <li class=\"wpra-item feed-item \">\n            \n            \n\n    <a  href=\"https:\/\/www.tvnovelas.com.br\/tvnews\/chamas-do-destino-seher-permite-que-cemre-visite-ozan\/\" target=\"_blank\" rel=\"nofollow\" class=\"\">Chamas do Destino: Seher permite que Cemre visite Ozan<\/a>\n\n\n\n\n\n\n<div class=\"wprss-feed-meta\">\n            <span class=\"feed-source\">\n            Source:\n\n                            TVNews\n                    <\/span>\n    \n            <span class=\"feed-date\">\n            Published on 2026-04-22\n        <\/span>\n    \n    <\/div>\n\n\n\n\n\n            \n        <\/li>\n                    <li class=\"wpra-item feed-item \">\n            \n            \n\n    <a  href=\"https:\/\/www.tvnovelas.com.br\/tvnews\/coracao-de-mae-karsu-conta-a-irmak-sobre-a-traicao-de-adnan\/\" target=\"_blank\" rel=\"nofollow\" class=\"\">Cora\u00e7\u00e3o de M\u00e3e: Karsu conta a Irmak sobre a trai\u00e7\u00e3o de Adnan<\/a>\n\n\n\n\n\n\n<div class=\"wprss-feed-meta\">\n            <span class=\"feed-source\">\n            Source:\n\n                            TVNews\n                    <\/span>\n    \n            <span class=\"feed-date\">\n            Published on 2026-04-22\n        <\/span>\n    \n    <\/div>\n\n\n\n\n\n            \n        <\/li>\n                    <li class=\"wpra-item feed-item \">\n            \n            \n\n    <a  href=\"https:\/\/www.tvnovelas.com.br\/tvnews\/a-nobreza-do-amor-alika-flagra-sabotagem-de-virginia-e-graca\/\" target=\"_blank\" rel=\"nofollow\" class=\"\">A Nobreza do Amor: Alika flagra sabotagem de Virg\u00ednia e Gra\u00e7a<\/a>\n\n\n\n\n\n\n<div class=\"wprss-feed-meta\">\n            <span class=\"feed-source\">\n            Source:\n\n                            TVNews\n                    <\/span>\n    \n            <span class=\"feed-date\">\n            Published on 2026-04-22\n        <\/span>\n    \n    <\/div>\n\n\n\n\n\n            \n        <\/li>\n                    <li class=\"wpra-item feed-item \">\n            \n            \n\n    <a  href=\"https:\/\/www.tvnovelas.com.br\/tvnews\/tres-gracas-joaquim-revela-a-paulinho-e-gerluce-que-arminda-matou-celio\/\" target=\"_blank\" rel=\"nofollow\" class=\"\">Tr\u00eas Gra\u00e7as: Joaquim revela a Paulinho e Gerluce que Arminda matou C\u00e9lio<\/a>\n\n\n\n\n\n\n<div class=\"wprss-feed-meta\">\n            <span class=\"feed-source\">\n            Source:\n\n                            TVNews\n                    <\/span>\n    \n            <span class=\"feed-date\">\n            Published on 2026-04-22\n        <\/span>\n    \n    <\/div>\n\n\n\n\n\n            \n        <\/li>\n        <\/ul>\n\n        \n<\/div>\n\n<\/div>\n\n","protected":false},"excerpt":{"rendered":"<p>Resumos de Novela&#8230; Em  No Rancho Fundo nesta segunda-feira, dia 28 de outubo, Marcelo Gouveia conta a Blandina sobre a morte de Primo C\u00edcero. Timb\u00f3 e Seu Tico&#8230;<\/p>\n","protected":false},"author":1,"featured_media":8987,"comment_status":"closed","ping_status":"closed","sticky":false,"template":"","format":"standard","meta":{"_monsterinsights_skip_tracking":false,"_monsterinsights_sitenote_active":false,"_monsterinsights_sitenote_note":"","_monsterinsights_sitenote_category":0,"_jetpack_memberships_contains_paid_content":false,"footnotes":"","jetpack_publicize_message":"","jetpack_publicize_feature_enabled":true,"jetpack_social_post_already_shared":true,"jetpack_social_options":{"image_generator_settings":{"template":"highway","default_image_id":0,"font":"","enabled":false},"version":2},"_wp_rev_ctl_limit":""},"categories":[197,24],"tags":[92,269,91,31],"class_list":["post-8984","post","type-post","status-publish","format-standard","has-post-thumbnail","hentry","category-novelas","category-resumos-de-novelas","tag-globo","tag-no-rancho-fundo","tag-novelas","tag-resumos-de-novelas"],"aioseo_notices":[],"jetpack_publicize_connections":[],"jetpack_featured_media_url":"https:\/\/i0.wp.com\/caetenews.com.br\/semana\/wp-content\/uploads\/2024\/04\/noranchofundo_logo.jpg?fit=300%2C200&ssl=1","jetpack_shortlink":"https:\/\/wp.me\/pcIKFi-2kU","jetpack_sharing_enabled":true,"jetpack_likes_enabled":true,"jetpack-related-posts":[{"id":5419,"url":"https:\/\/caetenews.com.br\/semana\/novela-os-imigrantes-resumos-de-06-a-11-de-junho\/","url_meta":{"origin":8984,"position":0},"title":"Novela Os Imigrantes: Resumos de 06 a 11 de junho","author":"Paulo Ant\u00f4nio","date":"07\/06\/2022","format":false,"excerpt":"Resumos da semana de Os Imigrantes: Paco est\u00e1 preocupado com o impacto que a entrada do Brasil na primeira guerra poder\u00e1 ter sobre a greve..","rel":"","context":"Em &quot;Novelas&quot;","block_context":{"text":"Novelas","link":"https:\/\/caetenews.com.br\/semana\/category\/novelas\/"},"img":{"alt_text":"foto de cena de Os Imigrantes","src":"https:\/\/i0.wp.com\/caetenews.com.br\/semana\/wp-content\/uploads\/2022\/06\/32825.jpg?fit=600%2C330&ssl=1&resize=350%2C200","width":350,"height":200,"srcset":"https:\/\/i0.wp.com\/caetenews.com.br\/semana\/wp-content\/uploads\/2022\/06\/32825.jpg?fit=600%2C330&ssl=1&resize=350%2C200 1x, https:\/\/i0.wp.com\/caetenews.com.br\/semana\/wp-content\/uploads\/2022\/06\/32825.jpg?fit=600%2C330&ssl=1&resize=525%2C300 1.5x"},"classes":[]},{"id":5424,"url":"https:\/\/caetenews.com.br\/semana\/novela-os-imigrantes-resumos-de-13-a18-de-junho\/","url_meta":{"origin":8984,"position":1},"title":"Novela Os Imigrantes: Resumos de 13 a18 de junho","author":"Paulo Ant\u00f4nio","date":"12\/06\/2022","format":false,"excerpt":"Na novela Os Imigrantes, De Salvio endurece com o filho e amea\u00e7a surr\u00e1-lo. Ele informa Izabel de que vai come\u00e7ar a segu\u00ed-lo para descobrir onde passa as noites...","rel":"","context":"Em &quot;Novelas&quot;","block_context":{"text":"Novelas","link":"https:\/\/caetenews.com.br\/semana\/category\/novelas\/"},"img":{"alt_text":"Foto da Novela Os Imigrantes","src":"https:\/\/i0.wp.com\/caetenews.com.br\/semana\/wp-content\/uploads\/2022\/06\/32872.jpg?resize=350%2C200&ssl=1","width":350,"height":200,"srcset":"https:\/\/i0.wp.com\/caetenews.com.br\/semana\/wp-content\/uploads\/2022\/06\/32872.jpg?resize=350%2C200&ssl=1 1x, https:\/\/i0.wp.com\/caetenews.com.br\/semana\/wp-content\/uploads\/2022\/06\/32872.jpg?resize=525%2C300&ssl=1 1.5x"},"classes":[]},{"id":3589,"url":"https:\/\/caetenews.com.br\/semana\/malhacao-bene-explica-seu-autismo-para-o-pai\/","url_meta":{"origin":8984,"position":2},"title":"Malha\u00e7\u00e3o: Ben\u00ea explica seu autismo para o pai","author":"Paulo Ant\u00f4nio","date":"14\/01\/2021","format":false,"excerpt":"C\u00edcero (Luciano Pontes) aparece na casa de Josefina (Aline Fanju) depois que ela exigiu dele uma pens\u00e3o para Ben\u00ea (Daphne Bozaski) e Julinho (Davi Souza). O homem tenta ser amig\u00e1vel com todos, mas acaba discutindo com a ex-mulher na cozinha. Do quarto, os irm\u00e3os ouvem tudo, inclusive o desespero da\u2026","rel":"","context":"Em &quot;Not\u00edcias das novelas&quot;","block_context":{"text":"Not\u00edcias das novelas","link":"https:\/\/caetenews.com.br\/semana\/category\/noticias-das-nov-elas\/"},"img":{"alt_text":"Foto de Ben\u00ea com C\u00edcero","src":"https:\/\/i0.wp.com\/caetenews.com.br\/semana\/wp-content\/uploads\/2021\/01\/26213.jpg?fit=600%2C335&ssl=1&resize=350%2C200","width":350,"height":200,"srcset":"https:\/\/i0.wp.com\/caetenews.com.br\/semana\/wp-content\/uploads\/2021\/01\/26213.jpg?fit=600%2C335&ssl=1&resize=350%2C200 1x, https:\/\/i0.wp.com\/caetenews.com.br\/semana\/wp-content\/uploads\/2021\/01\/26213.jpg?fit=600%2C335&ssl=1&resize=525%2C300 1.5x"},"classes":[]},{"id":6583,"url":"https:\/\/caetenews.com.br\/semana\/resumos-de-novelas-todas-as-flores\/","url_meta":{"origin":8984,"position":3},"title":"Resumos de novelas: Todas as Flores de 30\/10 a 03 de novembro","author":"Paulo Ant\u00f4nio","date":"01\/10\/2023","format":false,"excerpt":"Resumos de novelas: Todas as Flores. No cap\u00edtulo desta segunda-feira, 30 de outubro, Rafael v\u00ea Vanessa e Pablo se beijando e ouve quando Pablo diz que o filho de Vanessa...","rel":"","context":"Em &quot;Resumos de Novelas&quot;","block_context":{"text":"Resumos de Novelas","link":"https:\/\/caetenews.com.br\/semana\/category\/resumos-de-novelas\/"},"img":{"alt_text":"","src":"https:\/\/i0.wp.com\/caetenews.com.br\/semana\/wp-content\/uploads\/2023\/10\/todasasflores_logo.jpg?fit=300%2C200&ssl=1&resize=350%2C200","width":350,"height":200},"classes":[]},{"id":46538,"url":"https:\/\/caetenews.com.br\/semana\/resumos-de-novelas-tres-gracas\/","url_meta":{"origin":8984,"position":4},"title":"Resumos de Novelas: Tr\u00eas Gra\u00e7as","author":"Paulo Ant\u00f4nio","date":"25\/10\/2025","format":false,"excerpt":"Resumos de Novelas: Tr\u00eas Gra\u00e7as... Os resumos da semana na novela das 21h da Globo...","rel":"","context":"Em &quot;Globo&quot;","block_context":{"text":"Globo","link":"https:\/\/caetenews.com.br\/semana\/category\/globo\/"},"img":{"alt_text":"Foto em Resumos de Novelas: Tr\u00eas Gra\u00e7as","src":"https:\/\/i0.wp.com\/caetenews.com.br\/semana\/wp-content\/uploads\/2025\/10\/12235.jpg?fit=728%2C409&ssl=1&resize=350%2C200","width":350,"height":200,"srcset":"https:\/\/i0.wp.com\/caetenews.com.br\/semana\/wp-content\/uploads\/2025\/10\/12235.jpg?fit=728%2C409&ssl=1&resize=350%2C200 1x, https:\/\/i0.wp.com\/caetenews.com.br\/semana\/wp-content\/uploads\/2025\/10\/12235.jpg?fit=728%2C409&ssl=1&resize=525%2C300 1.5x, https:\/\/i0.wp.com\/caetenews.com.br\/semana\/wp-content\/uploads\/2025\/10\/12235.jpg?fit=728%2C409&ssl=1&resize=700%2C400 2x"},"classes":[]},{"id":10759,"url":"https:\/\/caetenews.com.br\/semana\/resumos-de-novela-garota-do-momento-04-a-09-11\/","url_meta":{"origin":8984,"position":5},"title":"Resumos de Novela: Garota do Momento (19 a 28\/6))","author":"Paulo Ant\u00f4nio","date":"02\/11\/2024","format":false,"excerpt":"Resumos de Novela: O que acontece nos cap\u00edtulos da semana de Garota do Momento","rel":"","context":"Em &quot;Globo&quot;","block_context":{"text":"Globo","link":"https:\/\/caetenews.com.br\/semana\/category\/globo\/"},"img":{"alt_text":"","src":"https:\/\/i0.wp.com\/caetenews.com.br\/semana\/wp-content\/uploads\/2024\/11\/40407c.jpg?fit=728%2C407&ssl=1&resize=350%2C200","width":350,"height":200,"srcset":"https:\/\/i0.wp.com\/caetenews.com.br\/semana\/wp-content\/uploads\/2024\/11\/40407c.jpg?fit=728%2C407&ssl=1&resize=350%2C200 1x, https:\/\/i0.wp.com\/caetenews.com.br\/semana\/wp-content\/uploads\/2024\/11\/40407c.jpg?fit=728%2C407&ssl=1&resize=525%2C300 1.5x, https:\/\/i0.wp.com\/caetenews.com.br\/semana\/wp-content\/uploads\/2024\/11\/40407c.jpg?fit=728%2C407&ssl=1&resize=700%2C400 2x"},"classes":[]}],"_links":{"self":[{"href":"https:\/\/caetenews.com.br\/semana\/wp-json\/wp\/v2\/posts\/8984","targetHints":{"allow":["GET"]}}],"collection":[{"href":"https:\/\/caetenews.com.br\/semana\/wp-json\/wp\/v2\/posts"}],"about":[{"href":"https:\/\/caetenews.com.br\/semana\/wp-json\/wp\/v2\/types\/post"}],"author":[{"embeddable":true,"href":"https:\/\/caetenews.com.br\/semana\/wp-json\/wp\/v2\/users\/1"}],"replies":[{"embeddable":true,"href":"https:\/\/caetenews.com.br\/semana\/wp-json\/wp\/v2\/comments?post=8984"}],"version-history":[{"count":4,"href":"https:\/\/caetenews.com.br\/semana\/wp-json\/wp\/v2\/posts\/8984\/revisions"}],"predecessor-version":[{"id":10383,"href":"https:\/\/caetenews.com.br\/semana\/wp-json\/wp\/v2\/posts\/8984\/revisions\/10383"}],"wp:featuredmedia":[{"embeddable":true,"href":"https:\/\/caetenews.com.br\/semana\/wp-json\/wp\/v2\/media\/8987"}],"wp:attachment":[{"href":"https:\/\/caetenews.com.br\/semana\/wp-json\/wp\/v2\/media?parent=8984"}],"wp:term":[{"taxonomy":"category","embeddable":true,"href":"https:\/\/caetenews.com.br\/semana\/wp-json\/wp\/v2\/categories?post=8984"},{"taxonomy":"post_tag","embeddable":true,"href":"https:\/\/caetenews.com.br\/semana\/wp-json\/wp\/v2\/tags?post=8984"}],"curies":[{"name":"wp","href":"https:\/\/api.w.org\/{rel}","templated":true}]}}