{"id":9432,"date":"2024-05-16T11:13:28","date_gmt":"2024-05-16T14:13:28","guid":{"rendered":"https:\/\/caetenews.com.br\/semana\/?p=9432"},"modified":"2024-05-16T11:13:28","modified_gmt":"2024-05-16T14:13:28","slug":"globo-estreia-3a-temporada-de-the-equalizer-nesta-sexta-dia-17","status":"publish","type":"post","link":"https:\/\/caetenews.com.br\/semana\/globo-estreia-3a-temporada-de-the-equalizer-nesta-sexta-dia-17\/","title":{"rendered":"Globo estreia 3\u00aa temporada de The Equalizer nesta sexta, dia 17"},"content":{"rendered":"<p><em>Globo estreia 3\u00aa temporada de The Equalizer<\/em><br \/>\n<figure id=\"attachment_9433\" aria-describedby=\"caption-attachment-9433\" style=\"width: 728px\" class=\"wp-caption alignnone\"><img data-recalc-dims=\"1\" fetchpriority=\"high\" decoding=\"async\" data-attachment-id=\"9433\" data-permalink=\"https:\/\/caetenews.com.br\/semana\/globo-estreia-3a-temporada-de-the-equalizer-nesta-sexta-dia-17\/attachment\/118\/\" data-orig-file=\"https:\/\/i0.wp.com\/caetenews.com.br\/semana\/wp-content\/uploads\/2024\/05\/118.jpg?fit=728%2C410&amp;ssl=1\" data-orig-size=\"728,410\" data-comments-opened=\"0\" data-image-meta=\"{&quot;aperture&quot;:&quot;0&quot;,&quot;credit&quot;:&quot;&quot;,&quot;camera&quot;:&quot;&quot;,&quot;caption&quot;:&quot;&quot;,&quot;created_timestamp&quot;:&quot;0&quot;,&quot;copyright&quot;:&quot;&quot;,&quot;focal_length&quot;:&quot;0&quot;,&quot;iso&quot;:&quot;0&quot;,&quot;shutter_speed&quot;:&quot;0&quot;,&quot;title&quot;:&quot;&quot;,&quot;orientation&quot;:&quot;0&quot;}\" data-image-title=\"The Equalizer\" data-image-description=\"\" data-image-caption=\"&lt;p&gt;Globo estreia 3\u00aa temporada de The Equalizer&amp;#8230;&lt;\/p&gt;\n\" data-large-file=\"https:\/\/i0.wp.com\/caetenews.com.br\/semana\/wp-content\/uploads\/2024\/05\/118.jpg?fit=728%2C410&amp;ssl=1\" src=\"https:\/\/i0.wp.com\/caetenews.com.br\/semana\/wp-content\/uploads\/2024\/05\/118.jpg?resize=728%2C410&#038;ssl=1\" alt=\"Foto em Globo estreia 3\u00aa temporada de The Equalizer\" width=\"728\" height=\"410\" class=\"size-full wp-image-9433\" \/><figcaption id=\"caption-attachment-9433\" class=\"wp-caption-text\">Globo estreia 3\u00aa temporada de The Equalizer&#8230;<\/figcaption><\/figure><br \/>\nA TV Globo exibe, a partir desta sexta (17), a terceira temporada de The Equalizer &#8211; A Protetora, s\u00e9rie dispon\u00edvel na plataforma Globoplay. A trama acompanha a vida de Robyn McCall, ex-agente da CIA vivida por Queen Latifah, que coloca a vida em risco para defender as pessoas que mais precisam.<\/p>\n<p>Na trama de a\u00e7\u00e3o, Robyn \u00e9 uma m\u00e3e solo que usa suas habilidades para agir como a &#8220;The Equalizer&#8221;, um \u201canjo da guarda\u201d dos inocentes que n\u00e3o t\u00eam a quem recorrer. Misteriosa e com forte personalidade, seu senso de justi\u00e7a faz com que ela enfrente perigos e busque vingan\u00e7as. Nesta sequ\u00eancia, ap\u00f3s a captura de McCall, os limites entre a rela\u00e7\u00e3o com sua fam\u00edlia e a vida como Protetora continuam a convergir conforme as pessoas mais pr\u00f3ximas se unem pela primeira vez para salv\u00e1-la.<\/p>\n<h2>Resumos de novelas:<\/h2>\n<div class=\"pt-cv-wrapper\"><div class=\"pt-cv-view pt-cv-grid pt-cv-colsys\" id=\"pt-cv-view-c6a7eef2p9\"><div data-id=\"pt-cv-page-1\" class=\"pt-cv-page\" data-cvc=\"2\"><div class=\"col-md-6 col-sm-6 col-xs-12 pt-cv-content-item pt-cv-1-col\" ><div class='pt-cv-ifield'><a href=\"https:\/\/caetenews.com.br\/semana\/resumos-de-novelas-tres-gracas\/\" class=\"_self pt-cv-href-thumbnail pt-cv-thumb-default\" target=\"_self\" ><img decoding=\"async\" width=\"728\" height=\"409\" src=\"https:\/\/i0.wp.com\/caetenews.com.br\/semana\/wp-content\/uploads\/2025\/10\/12235.jpg?fit=728%2C409&amp;ssl=1\" class=\"pt-cv-thumbnail\" alt=\"Foto em Resumos de Novelas: Tr\u00eas Gra\u00e7as\" data-attachment-id=\"46537\" data-permalink=\"https:\/\/caetenews.com.br\/semana\/?attachment_id=46537\" data-orig-file=\"https:\/\/i0.wp.com\/caetenews.com.br\/semana\/wp-content\/uploads\/2025\/10\/12235.jpg?fit=728%2C409&amp;ssl=1\" data-orig-size=\"728,409\" data-comments-opened=\"0\" data-image-meta=\"{&quot;aperture&quot;:&quot;0&quot;,&quot;credit&quot;:&quot;&quot;,&quot;camera&quot;:&quot;&quot;,&quot;caption&quot;:&quot;&quot;,&quot;created_timestamp&quot;:&quot;0&quot;,&quot;copyright&quot;:&quot;&quot;,&quot;focal_length&quot;:&quot;0&quot;,&quot;iso&quot;:&quot;0&quot;,&quot;shutter_speed&quot;:&quot;0&quot;,&quot;title&quot;:&quot;&quot;,&quot;orientation&quot;:&quot;0&quot;}\" data-image-title=\"Tr\u00eas Gra\u00e7as\" data-image-description=\"\" data-image-caption=\"&lt;p&gt;Resumos de Novelas: Tr\u00eas Gra\u00e7as&lt;\/p&gt;\n\" data-large-file=\"https:\/\/i0.wp.com\/caetenews.com.br\/semana\/wp-content\/uploads\/2025\/10\/12235.jpg?fit=728%2C409&amp;ssl=1\" \/><\/a>\n<h4 class=\"pt-cv-title\"><a href=\"https:\/\/caetenews.com.br\/semana\/resumos-de-novelas-tres-gracas\/\" class=\"_self\" target=\"_self\" >Resumos de Novelas: Tr\u00eas Gra\u00e7as<\/a><\/h4><\/div><\/div>\n<div class=\"col-md-6 col-sm-6 col-xs-12 pt-cv-content-item pt-cv-1-col\" ><div class='pt-cv-ifield'><a href=\"https:\/\/caetenews.com.br\/semana\/resumos-de-novela-eta-mundo-melhor-de-30-06-a-05-de-julho\/\" class=\"_self pt-cv-href-thumbnail pt-cv-thumb-default\" target=\"_self\" ><img decoding=\"async\" width=\"728\" height=\"410\" src=\"https:\/\/i0.wp.com\/caetenews.com.br\/semana\/wp-content\/uploads\/2025\/06\/12774.jpg?fit=728%2C410&amp;ssl=1\" class=\"pt-cv-thumbnail\" alt=\"Foto em Resumos da Semana de \u00cata Mundo Melhor!\" data-attachment-id=\"46925\" data-permalink=\"https:\/\/caetenews.com.br\/semana\/resumos-de-novela-eta-mundo-melhor-de-30-06-a-05-de-julho\/attachment\/12774\/\" data-orig-file=\"https:\/\/i0.wp.com\/caetenews.com.br\/semana\/wp-content\/uploads\/2025\/06\/12774.jpg?fit=728%2C410&amp;ssl=1\" data-orig-size=\"728,410\" data-comments-opened=\"0\" data-image-meta=\"{&quot;aperture&quot;:&quot;0&quot;,&quot;credit&quot;:&quot;&quot;,&quot;camera&quot;:&quot;&quot;,&quot;caption&quot;:&quot;&quot;,&quot;created_timestamp&quot;:&quot;0&quot;,&quot;copyright&quot;:&quot;&quot;,&quot;focal_length&quot;:&quot;0&quot;,&quot;iso&quot;:&quot;0&quot;,&quot;shutter_speed&quot;:&quot;0&quot;,&quot;title&quot;:&quot;&quot;,&quot;orientation&quot;:&quot;0&quot;}\" data-image-title=\"\u00cata Mundo Melhor\" data-image-description=\"\" data-image-caption=\"&lt;p&gt;Foto em Resumos da Semana de \u00cata Mundo Melhor!&lt;\/p&gt;\n\" data-large-file=\"https:\/\/i0.wp.com\/caetenews.com.br\/semana\/wp-content\/uploads\/2025\/06\/12774.jpg?fit=728%2C410&amp;ssl=1\" \/><\/a>\n<h4 class=\"pt-cv-title\"><a href=\"https:\/\/caetenews.com.br\/semana\/resumos-de-novela-eta-mundo-melhor-de-30-06-a-05-de-julho\/\" class=\"_self\" target=\"_self\" >Resumos de novela: \u00cata Mundo Melhor!<\/a><\/h4><\/div><\/div>\n<div class=\"col-md-6 col-sm-6 col-xs-12 pt-cv-content-item pt-cv-1-col\" ><div class='pt-cv-ifield'><a href=\"https:\/\/caetenews.com.br\/semana\/resumos-de-novelas-dona-de-mim-12-a-17-5\/\" class=\"_self pt-cv-href-thumbnail pt-cv-thumb-default\" target=\"_self\" ><img loading=\"lazy\" decoding=\"async\" width=\"728\" height=\"409\" src=\"https:\/\/i0.wp.com\/caetenews.com.br\/semana\/wp-content\/uploads\/2025\/05\/11136b.jpg?fit=728%2C409&amp;ssl=1\" class=\"pt-cv-thumbnail\" alt=\"Foto em Resumos de Novelas: Dona de Mim\" data-attachment-id=\"11896\" data-permalink=\"https:\/\/caetenews.com.br\/semana\/resumos-de-novelas-dona-de-mim-12-a-17-5\/11136b\/\" data-orig-file=\"https:\/\/i0.wp.com\/caetenews.com.br\/semana\/wp-content\/uploads\/2025\/05\/11136b.jpg?fit=728%2C409&amp;ssl=1\" data-orig-size=\"728,409\" data-comments-opened=\"0\" data-image-meta=\"{&quot;aperture&quot;:&quot;0&quot;,&quot;credit&quot;:&quot;&quot;,&quot;camera&quot;:&quot;&quot;,&quot;caption&quot;:&quot;&quot;,&quot;created_timestamp&quot;:&quot;0&quot;,&quot;copyright&quot;:&quot;&quot;,&quot;focal_length&quot;:&quot;0&quot;,&quot;iso&quot;:&quot;0&quot;,&quot;shutter_speed&quot;:&quot;0&quot;,&quot;title&quot;:&quot;&quot;,&quot;orientation&quot;:&quot;0&quot;}\" data-image-title=\"Dona de Mim\" data-image-description=\"\" data-image-caption=\"\" data-large-file=\"https:\/\/i0.wp.com\/caetenews.com.br\/semana\/wp-content\/uploads\/2025\/05\/11136b.jpg?fit=728%2C409&amp;ssl=1\" \/><\/a>\n<h4 class=\"pt-cv-title\"><a href=\"https:\/\/caetenews.com.br\/semana\/resumos-de-novelas-dona-de-mim-12-a-17-5\/\" class=\"_self\" target=\"_self\" >Resumos de Novela: Dona de Mim<\/a><\/h4><\/div><\/div>\n<div class=\"col-md-6 col-sm-6 col-xs-12 pt-cv-content-item pt-cv-1-col\" ><div class='pt-cv-ifield'><a href=\"https:\/\/caetenews.com.br\/semana\/onde-assistir-os-jogos-da-libertadores-e-sul-americana\/\" class=\"_self pt-cv-href-thumbnail pt-cv-thumb-default\" target=\"_self\" ><img loading=\"lazy\" decoding=\"async\" width=\"728\" height=\"410\" src=\"https:\/\/i0.wp.com\/caetenews.com.br\/semana\/wp-content\/uploads\/2025\/04\/10784.jpg?fit=728%2C410&amp;ssl=1\" class=\"pt-cv-thumbnail\" alt=\"Foto em Onde assistir os Jogos da Libertadores e Sul-Americana\" data-attachment-id=\"11533\" data-permalink=\"https:\/\/caetenews.com.br\/semana\/onde-assistir-os-jogos-da-libertadores-e-sul-americana\/attachment\/10784\/\" data-orig-file=\"https:\/\/i0.wp.com\/caetenews.com.br\/semana\/wp-content\/uploads\/2025\/04\/10784.jpg?fit=728%2C410&amp;ssl=1\" data-orig-size=\"728,410\" data-comments-opened=\"0\" data-image-meta=\"{&quot;aperture&quot;:&quot;0&quot;,&quot;credit&quot;:&quot;&quot;,&quot;camera&quot;:&quot;&quot;,&quot;caption&quot;:&quot;&quot;,&quot;created_timestamp&quot;:&quot;0&quot;,&quot;copyright&quot;:&quot;&quot;,&quot;focal_length&quot;:&quot;0&quot;,&quot;iso&quot;:&quot;0&quot;,&quot;shutter_speed&quot;:&quot;0&quot;,&quot;title&quot;:&quot;&quot;,&quot;orientation&quot;:&quot;0&quot;}\" data-image-title=\"Libertadores\" data-image-description=\"\" data-image-caption=\"&lt;p&gt;Onde assistir os Jogos da Libertadores e Sul-Americana&lt;\/p&gt;\n\" data-large-file=\"https:\/\/i0.wp.com\/caetenews.com.br\/semana\/wp-content\/uploads\/2025\/04\/10784.jpg?fit=728%2C410&amp;ssl=1\" \/><\/a>\n<h4 class=\"pt-cv-title\"><a href=\"https:\/\/caetenews.com.br\/semana\/onde-assistir-os-jogos-da-libertadores-e-sul-americana\/\" class=\"_self\" target=\"_self\" >Onde assistir os Jogos da Libertadores e Sul-Americana<\/a><\/h4><\/div><\/div>\n<div class=\"col-md-6 col-sm-6 col-xs-12 pt-cv-content-item pt-cv-1-col\" ><div class='pt-cv-ifield'><a href=\"https:\/\/caetenews.com.br\/semana\/filmes-da-semana-na-tv\/\" class=\"_self pt-cv-href-thumbnail pt-cv-thumb-default\" target=\"_self\" ><img loading=\"lazy\" decoding=\"async\" width=\"420\" height=\"236\" src=\"https:\/\/i0.wp.com\/caetenews.com.br\/semana\/wp-content\/uploads\/2017\/02\/filmes433_odiabovesteprada.jpg?fit=420%2C236&amp;ssl=1\" class=\"pt-cv-thumbnail\" alt=\"Foto de O Diabo Veste Prada, em Filmes na TV\" srcset=\"https:\/\/i0.wp.com\/caetenews.com.br\/semana\/wp-content\/uploads\/2017\/02\/filmes433_odiabovesteprada.jpg?w=420&amp;ssl=1 420w, https:\/\/i0.wp.com\/caetenews.com.br\/semana\/wp-content\/uploads\/2017\/02\/filmes433_odiabovesteprada.jpg?resize=300%2C169&amp;ssl=1 300w\" sizes=\"(max-width: 420px) 100vw, 420px\" data-attachment-id=\"750\" data-permalink=\"https:\/\/caetenews.com.br\/semana\/filmes-da-semana-na-tv\/filmes433_odiabovesteprada\/\" data-orig-file=\"https:\/\/i0.wp.com\/caetenews.com.br\/semana\/wp-content\/uploads\/2017\/02\/filmes433_odiabovesteprada.jpg?fit=420%2C236&amp;ssl=1\" data-orig-size=\"420,236\" data-comments-opened=\"1\" data-image-meta=\"{&quot;aperture&quot;:&quot;0&quot;,&quot;credit&quot;:&quot;&quot;,&quot;camera&quot;:&quot;&quot;,&quot;caption&quot;:&quot;&quot;,&quot;created_timestamp&quot;:&quot;0&quot;,&quot;copyright&quot;:&quot;&quot;,&quot;focal_length&quot;:&quot;0&quot;,&quot;iso&quot;:&quot;0&quot;,&quot;shutter_speed&quot;:&quot;0&quot;,&quot;title&quot;:&quot;&quot;,&quot;orientation&quot;:&quot;0&quot;}\" data-image-title=\"O Diabo Veste Prada\" data-image-description=\"\" data-image-caption=\"&lt;p&gt;O Diabo Veste Prada&lt;\/p&gt;\n\" data-large-file=\"https:\/\/i0.wp.com\/caetenews.com.br\/semana\/wp-content\/uploads\/2017\/02\/filmes433_odiabovesteprada.jpg?fit=420%2C236&amp;ssl=1\" \/><\/a>\n<h4 class=\"pt-cv-title\"><a href=\"https:\/\/caetenews.com.br\/semana\/filmes-da-semana-na-tv\/\" class=\"_self\" target=\"_self\" >Filmes da semana na TV<\/a><\/h4><\/div><\/div>\n<div class=\"col-md-6 col-sm-6 col-xs-12 pt-cv-content-item pt-cv-1-col\" ><div class='pt-cv-ifield'><a href=\"https:\/\/caetenews.com.br\/semana\/terceira-temporada-de-origem-chega-ao-globoplay\/\" class=\"_self pt-cv-href-thumbnail pt-cv-thumb-default\" target=\"_self\" ><img loading=\"lazy\" decoding=\"async\" width=\"728\" height=\"410\" src=\"https:\/\/i0.wp.com\/caetenews.com.br\/semana\/wp-content\/uploads\/2025\/02\/10444.jpg?fit=728%2C410&amp;ssl=1\" class=\"pt-cv-thumbnail\" alt=\"Foto em Terceira temporada de \u2018Origem\u2019 chega ao Globoplay\" data-attachment-id=\"11203\" data-permalink=\"https:\/\/caetenews.com.br\/semana\/terceira-temporada-de-origem-chega-ao-globoplay\/attachment\/10444\/\" data-orig-file=\"https:\/\/i0.wp.com\/caetenews.com.br\/semana\/wp-content\/uploads\/2025\/02\/10444.jpg?fit=728%2C410&amp;ssl=1\" data-orig-size=\"728,410\" data-comments-opened=\"0\" data-image-meta=\"{&quot;aperture&quot;:&quot;0&quot;,&quot;credit&quot;:&quot;&quot;,&quot;camera&quot;:&quot;&quot;,&quot;caption&quot;:&quot;&quot;,&quot;created_timestamp&quot;:&quot;0&quot;,&quot;copyright&quot;:&quot;&quot;,&quot;focal_length&quot;:&quot;0&quot;,&quot;iso&quot;:&quot;0&quot;,&quot;shutter_speed&quot;:&quot;0&quot;,&quot;title&quot;:&quot;&quot;,&quot;orientation&quot;:&quot;0&quot;}\" data-image-title=\"\u2018Origem\" data-image-description=\"\" data-image-caption=\"&lt;p&gt;Terceira temporada de \u2018Origem\u2019 chega ao Globoplay&amp;#8230;.&lt;\/p&gt;\n\" data-large-file=\"https:\/\/i0.wp.com\/caetenews.com.br\/semana\/wp-content\/uploads\/2025\/02\/10444.jpg?fit=728%2C410&amp;ssl=1\" \/><\/a>\n<h4 class=\"pt-cv-title\"><a href=\"https:\/\/caetenews.com.br\/semana\/terceira-temporada-de-origem-chega-ao-globoplay\/\" class=\"_self\" target=\"_self\" >Terceira temporada de \u2018Origem\u2019 chega ao Globoplay<\/a><\/h4><\/div><\/div><\/div><\/div><\/div>\n<h2>\u00daltimas not\u00edcias das novelas<\/h2>\n<div class=\"wp-rss-template-container\" data-wpra-template=\"default\" data-template-ctx=\"eyJmZWVkcyI6IjEyOTExIn0=\">\n    <div class=\"wp-rss-aggregator wpra-list-template  \" data-page=\"1\">\n    \n    \n<ul class=\"wpra-item-list rss-aggregator wpra-item-list--bullets wpra-item-list--default\"\n    start=\"1\">\n                        <li class=\"wpra-item feed-item \">\n            \n            \n\n    <a  href=\"https:\/\/www.tvnovelas.com.br\/tvnews\/coracao-de-mae-atilla-decide-abrir-o-jogo-com-karsu\/\" target=\"_blank\" rel=\"nofollow\" class=\"\">Cora\u00e7\u00e3o de M\u00e3e: Atilla decide abrir o jogo com Karsu<\/a>\n\n\n\n\n\n\n<div class=\"wprss-feed-meta\">\n            <span class=\"feed-source\">\n            Source:\n\n                            TVNews\n                    <\/span>\n    \n            <span class=\"feed-date\">\n            Published on 2026-04-27\n        <\/span>\n    \n    <\/div>\n\n\n\n\n\n            \n        <\/li>\n                    <li class=\"wpra-item feed-item \">\n            \n            \n\n    <a  href=\"https:\/\/www.tvnovelas.com.br\/tvnews\/coracao-de-mae-adnan-e-preso-apos-denuncia-de-irmak\/\" target=\"_blank\" rel=\"nofollow\" class=\"\">Em Cora\u00e7\u00e3o de M\u00e3e: Adnan \u00e9 preso ap\u00f3s denuncia de Irmak<\/a>\n\n\n\n\n\n\n<div class=\"wprss-feed-meta\">\n            <span class=\"feed-source\">\n            Source:\n\n                            TVNews\n                    <\/span>\n    \n            <span class=\"feed-date\">\n            Published on 2026-04-26\n        <\/span>\n    \n    <\/div>\n\n\n\n\n\n            \n        <\/li>\n                    <li class=\"wpra-item feed-item \">\n            \n            \n\n    <a  href=\"https:\/\/www.tvnovelas.com.br\/tvnews\/coracao-acelerado-mulher-choca-janete-ao-se-apresentar-como-amante-do-palhares\/\" target=\"_blank\" rel=\"nofollow\" class=\"\">Cora\u00e7\u00e3o Acelerado: Mulher choca Janete ao se apresentar como amante do Palhares<\/a>\n\n\n\n\n\n\n<div class=\"wprss-feed-meta\">\n            <span class=\"feed-source\">\n            Source:\n\n                            TVNews\n                    <\/span>\n    \n            <span class=\"feed-date\">\n            Published on 2026-04-26\n        <\/span>\n    \n    <\/div>\n\n\n\n\n\n            \n        <\/li>\n                    <li class=\"wpra-item feed-item \">\n            \n            \n\n    <a  href=\"https:\/\/www.tvnovelas.com.br\/tvnews\/a-nobreza-do-amor-jendal-dobra-a-recompensa-por-alika\/\" target=\"_blank\" rel=\"nofollow\" class=\"\">A Nobreza do Amor: Jendal dobra a recompensa por Alika<\/a>\n\n\n\n\n\n\n<div class=\"wprss-feed-meta\">\n            <span class=\"feed-source\">\n            Source:\n\n                            TVNews\n                    <\/span>\n    \n            <span class=\"feed-date\">\n            Published on 2026-04-26\n        <\/span>\n    \n    <\/div>\n\n\n\n\n\n            \n        <\/li>\n                    <li class=\"wpra-item feed-item \">\n            \n            \n\n    <a  href=\"https:\/\/www.tvnovelas.com.br\/tvnews\/tres-gracas-bagda-e-preso-por-juquinha\/\" target=\"_blank\" rel=\"nofollow\" class=\"\">Tr\u00eas Gra\u00e7as:  Bagd\u00e1 \u00e9 preso por Juquinha<\/a>\n\n\n\n\n\n\n<div class=\"wprss-feed-meta\">\n            <span class=\"feed-source\">\n            Source:\n\n                            TVNews\n                    <\/span>\n    \n            <span class=\"feed-date\">\n            Published on 2026-04-26\n        <\/span>\n    \n    <\/div>\n\n\n\n\n\n            \n        <\/li>\n                    <li class=\"wpra-item feed-item \">\n            \n            \n\n    <a  href=\"https:\/\/www.tvnovelas.com.br\/tvnews\/a-nobreza-do-amor-virginia-e-humilhada-apos-perder-concurso-de-miss\/\" target=\"_blank\" rel=\"nofollow\" class=\"\">A Nobreza do Amor: Virg\u00ednia \u00e9 humilhada ap\u00f3s perder concurso de miss<\/a>\n\n\n\n\n\n\n<div class=\"wprss-feed-meta\">\n            <span class=\"feed-source\">\n            Source:\n\n                            TVNews\n                    <\/span>\n    \n            <span class=\"feed-date\">\n            Published on 2026-04-25\n        <\/span>\n    \n    <\/div>\n\n\n\n\n\n            \n        <\/li>\n                    <li class=\"wpra-item feed-item \">\n            \n            \n\n    <a  href=\"https:\/\/www.tvnovelas.com.br\/tvnews\/em-coracao-de-mae-nos-capitulos-da-semana-27-4-a-1o-05\/\" target=\"_blank\" rel=\"nofollow\" class=\"\">Em Cora\u00e7\u00e3o de M\u00e3e nos cap\u00edtulos da semana (27\/4 a 1\u00ba\/05)<\/a>\n\n\n\n\n\n\n<div class=\"wprss-feed-meta\">\n            <span class=\"feed-source\">\n            Source:\n\n                            TVNews\n                    <\/span>\n    \n            <span class=\"feed-date\">\n            Published on 2026-04-24\n        <\/span>\n    \n    <\/div>\n\n\n\n\n\n            \n        <\/li>\n                    <li class=\"wpra-item feed-item \">\n            \n            \n\n    <a  href=\"https:\/\/www.tvnovelas.com.br\/tvnews\/coracao-de-mae-adnan-confessa-a-karsu-traicao-a-irmak\/\" target=\"_blank\" rel=\"nofollow\" class=\"\">Cora\u00e7\u00e3o de M\u00e3e: Adnan confessa a Karsu trai\u00e7\u00e3o a Irmak<\/a>\n\n\n\n\n\n\n<div class=\"wprss-feed-meta\">\n            <span class=\"feed-source\">\n            Source:\n\n                            TVNews\n                    <\/span>\n    \n            <span class=\"feed-date\">\n            Published on 2026-04-23\n        <\/span>\n    \n    <\/div>\n\n\n\n\n\n            \n        <\/li>\n                    <li class=\"wpra-item feed-item \">\n            \n            \n\n    <a  href=\"https:\/\/www.tvnovelas.com.br\/tvnews\/chamas-do-destino-iskender-e-preso-apos-denuncia-de-cicek\/\" target=\"_blank\" rel=\"nofollow\" class=\"\">Chamas do Destino: Iskender \u00e9 preso ap\u00f3s den\u00fancia de Cicek<\/a>\n\n\n\n\n\n\n<div class=\"wprss-feed-meta\">\n            <span class=\"feed-source\">\n            Source:\n\n                            TVNews\n                    <\/span>\n    \n            <span class=\"feed-date\">\n            Published on 2026-04-23\n        <\/span>\n    \n    <\/div>\n\n\n\n\n\n            \n        <\/li>\n                    <li class=\"wpra-item feed-item \">\n            \n            \n\n    <a  href=\"https:\/\/www.tvnovelas.com.br\/tvnews\/a-nobreza-do-amor-alika-desbanca-virginia-e-garante-vitoria-de-eugenia\/\" target=\"_blank\" rel=\"nofollow\" class=\"\">A Nobreza do Amor: Alika desbanca Virg\u00ednia e garante vit\u00f3ria de Eug\u00eania<\/a>\n\n\n\n\n\n\n<div class=\"wprss-feed-meta\">\n            <span class=\"feed-source\">\n            Source:\n\n                            TVNews\n                    <\/span>\n    \n            <span class=\"feed-date\">\n            Published on 2026-04-23\n        <\/span>\n    \n    <\/div>\n\n\n\n\n\n            \n        <\/li>\n                    <li class=\"wpra-item feed-item \">\n            \n            \n\n    <a  href=\"https:\/\/www.tvnovelas.com.br\/tvnews\/tres-gracas-arminda-flagra-ferette-e-samira\/\" target=\"_blank\" rel=\"nofollow\" class=\"\">Tr\u00eas Gra\u00e7as: Arminda flagra Ferette e Samira<\/a>\n\n\n\n\n\n\n<div class=\"wprss-feed-meta\">\n            <span class=\"feed-source\">\n            Source:\n\n                            TVNews\n                    <\/span>\n    \n            <span class=\"feed-date\">\n            Published on 2026-04-23\n        <\/span>\n    \n    <\/div>\n\n\n\n\n\n            \n        <\/li>\n                    <li class=\"wpra-item feed-item \">\n            \n            \n\n    <a  href=\"https:\/\/www.tvnovelas.com.br\/tvnews\/chamas-do-destino-seher-permite-que-cemre-visite-ozan\/\" target=\"_blank\" rel=\"nofollow\" class=\"\">Chamas do Destino: Seher permite que Cemre visite Ozan<\/a>\n\n\n\n\n\n\n<div class=\"wprss-feed-meta\">\n            <span class=\"feed-source\">\n            Source:\n\n                            TVNews\n                    <\/span>\n    \n            <span class=\"feed-date\">\n            Published on 2026-04-22\n        <\/span>\n    \n    <\/div>\n\n\n\n\n\n            \n        <\/li>\n                    <li class=\"wpra-item feed-item \">\n            \n            \n\n    <a  href=\"https:\/\/www.tvnovelas.com.br\/tvnews\/coracao-de-mae-karsu-conta-a-irmak-sobre-a-traicao-de-adnan\/\" target=\"_blank\" rel=\"nofollow\" class=\"\">Cora\u00e7\u00e3o de M\u00e3e: Karsu conta a Irmak sobre a trai\u00e7\u00e3o de Adnan<\/a>\n\n\n\n\n\n\n<div class=\"wprss-feed-meta\">\n            <span class=\"feed-source\">\n            Source:\n\n                            TVNews\n                    <\/span>\n    \n            <span class=\"feed-date\">\n            Published on 2026-04-22\n        <\/span>\n    \n    <\/div>\n\n\n\n\n\n            \n        <\/li>\n                    <li class=\"wpra-item feed-item \">\n            \n            \n\n    <a  href=\"https:\/\/www.tvnovelas.com.br\/tvnews\/a-nobreza-do-amor-alika-flagra-sabotagem-de-virginia-e-graca\/\" target=\"_blank\" rel=\"nofollow\" class=\"\">A Nobreza do Amor: Alika flagra sabotagem de Virg\u00ednia e Gra\u00e7a<\/a>\n\n\n\n\n\n\n<div class=\"wprss-feed-meta\">\n            <span class=\"feed-source\">\n            Source:\n\n                            TVNews\n                    <\/span>\n    \n            <span class=\"feed-date\">\n            Published on 2026-04-22\n        <\/span>\n    \n    <\/div>\n\n\n\n\n\n            \n        <\/li>\n                    <li class=\"wpra-item feed-item \">\n            \n            \n\n    <a  href=\"https:\/\/www.tvnovelas.com.br\/tvnews\/tres-gracas-joaquim-revela-a-paulinho-e-gerluce-que-arminda-matou-celio\/\" target=\"_blank\" rel=\"nofollow\" class=\"\">Tr\u00eas Gra\u00e7as: Joaquim revela a Paulinho e Gerluce que Arminda matou C\u00e9lio<\/a>\n\n\n\n\n\n\n<div class=\"wprss-feed-meta\">\n            <span class=\"feed-source\">\n            Source:\n\n                            TVNews\n                    <\/span>\n    \n            <span class=\"feed-date\">\n            Published on 2026-04-22\n        <\/span>\n    \n    <\/div>\n\n\n\n\n\n            \n        <\/li>\n        <\/ul>\n\n        \n<\/div>\n\n<\/div>\n\n","protected":false},"excerpt":{"rendered":"<p>Globo estreia 3\u00aa temporada de The Equalizer&#8230;. A TV Globo exibe, a partir desta sexta (17), a terceira temporada de The Equalizer &#8211; A Protetora, s\u00e9rie dispon\u00edvel&#8230;<\/p>\n","protected":false},"author":1,"featured_media":9433,"comment_status":"closed","ping_status":"closed","sticky":false,"template":"","format":"standard","meta":{"_monsterinsights_skip_tracking":false,"_monsterinsights_sitenote_active":false,"_monsterinsights_sitenote_note":"","_monsterinsights_sitenote_category":0,"_jetpack_memberships_contains_paid_content":false,"footnotes":"","jetpack_publicize_message":"","jetpack_publicize_feature_enabled":true,"jetpack_social_post_already_shared":true,"jetpack_social_options":{"image_generator_settings":{"template":"highway","default_image_id":0,"font":"","enabled":false},"version":2},"_wp_rev_ctl_limit":""},"categories":[272],"tags":[92,104,273,98],"class_list":["post-9432","post","type-post","status-publish","format-standard","has-post-thumbnail","hentry","category-series","tag-globo","tag-globoplay","tag-the-equalizer","tag-tv-globo"],"aioseo_notices":[],"jetpack_publicize_connections":[],"jetpack_featured_media_url":"https:\/\/i0.wp.com\/caetenews.com.br\/semana\/wp-content\/uploads\/2024\/05\/118.jpg?fit=728%2C410&ssl=1","jetpack_shortlink":"https:\/\/wp.me\/pcIKFi-2s8","jetpack_sharing_enabled":true,"jetpack_likes_enabled":true,"jetpack-related-posts":[{"id":4737,"url":"https:\/\/caetenews.com.br\/semana\/cinemaco-na-globo-exibe-a-5a-onda-neste-domingo-19\/","url_meta":{"origin":9432,"position":0},"title":"Cinema\u00e7o, na Globo, exibe &#8216;A 5\u00aa Onda&#8217; neste domingo, 19","author":"Paulo Ant\u00f4nio","date":"19\/09\/2021","format":false,"excerpt":"Filmes da Globo: Na sequ\u00eancia o 'Cinema\u00e7o' (Globo, 1h15) traz o longa de fic\u00e7\u00e3o cient\u00edfica 'A 5\u00aa Onda' de J Blakeson. Na trama com Chloe Grace...","rel":"","context":"Em &quot;In\u00edcio&quot;","block_context":{"text":"In\u00edcio","link":"https:\/\/caetenews.com.br\/semana\/category\/tv-aberta\/"},"img":{"alt_text":"A 5\u00aa Onda em Filmes da Globo","src":"https:\/\/i0.wp.com\/caetenews.com.br\/semana\/wp-content\/uploads\/2021\/09\/rede.jpg?fit=600%2C360&ssl=1&resize=350%2C200","width":350,"height":200,"srcset":"https:\/\/i0.wp.com\/caetenews.com.br\/semana\/wp-content\/uploads\/2021\/09\/rede.jpg?fit=600%2C360&ssl=1&resize=350%2C200 1x, https:\/\/i0.wp.com\/caetenews.com.br\/semana\/wp-content\/uploads\/2021\/09\/rede.jpg?fit=600%2C360&ssl=1&resize=525%2C300 1.5x"},"classes":[]},{"id":4532,"url":"https:\/\/caetenews.com.br\/semana\/nesta-quinta-12-estreia-na-globo-a-quarta-temporada-de-sob-pressao\/","url_meta":{"origin":9432,"position":1},"title":"Nesta quinta (12) estreia na Globo a quarta temporada de \u2018Sob Press\u00e3o\u2019","author":"Paulo Ant\u00f4nio","date":"11\/08\/2021","format":false,"excerpt":"Os f\u00e3s da s\u00e9rie m\u00e9dica \u2018Sob Press\u00e3o\u2019 aguardam para esta quinta, dia 12, a estreia de mais uma temporada da s\u00e9rie que, atrav\u00e9s da drama...","rel":"","context":"Em &quot;TV&quot;","block_context":{"text":"TV","link":"https:\/\/caetenews.com.br\/semana\/category\/tv\/"},"img":{"alt_text":"Foto de cena de Sob Press\u00e3o","src":"https:\/\/i0.wp.com\/caetenews.com.br\/semana\/wp-content\/uploads\/2021\/08\/29646.jpg?fit=600%2C338&ssl=1&resize=350%2C200","width":350,"height":200,"srcset":"https:\/\/i0.wp.com\/caetenews.com.br\/semana\/wp-content\/uploads\/2021\/08\/29646.jpg?fit=600%2C338&ssl=1&resize=350%2C200 1x, https:\/\/i0.wp.com\/caetenews.com.br\/semana\/wp-content\/uploads\/2021\/08\/29646.jpg?fit=600%2C338&ssl=1&resize=525%2C300 1.5x"},"classes":[]},{"id":7965,"url":"https:\/\/caetenews.com.br\/semana\/nova-temporada-de-vicky-e-a-musa-estreia-no-globoplay-dia-24\/","url_meta":{"origin":9432,"position":2},"title":"Nova temporada de \u2018Vicky e a Musa\u2019 estreia no Globoplay dia 24","author":"Paulo Ant\u00f4nio","date":"12\/01\/2024","format":false,"excerpt":"Embalada por essa atmosfera, no dia 24 estreia a segunda temporada da s\u00e9rie \u2018Vicky e a Musa\u2019, original Globoplay, com 13 epis\u00f3dios in\u00e9ditos que continuam a hist\u00f3ria do primeiro musical dos Est\u00fadios Globo e misturam hits contempor\u00e2neos...","rel":"","context":"Em &quot;Globoplay&quot;","block_context":{"text":"Globoplay","link":"https:\/\/caetenews.com.br\/semana\/category\/globoplay\/"},"img":{"alt_text":"Foto em Vicky e a Musa","src":"https:\/\/i0.wp.com\/caetenews.com.br\/semana\/wp-content\/uploads\/2024\/01\/39255.jpg?fit=728%2C410&ssl=1&resize=350%2C200","width":350,"height":200,"srcset":"https:\/\/i0.wp.com\/caetenews.com.br\/semana\/wp-content\/uploads\/2024\/01\/39255.jpg?fit=728%2C410&ssl=1&resize=350%2C200 1x, https:\/\/i0.wp.com\/caetenews.com.br\/semana\/wp-content\/uploads\/2024\/01\/39255.jpg?fit=728%2C410&ssl=1&resize=525%2C300 1.5x, https:\/\/i0.wp.com\/caetenews.com.br\/semana\/wp-content\/uploads\/2024\/01\/39255.jpg?fit=728%2C410&ssl=1&resize=700%2C400 2x"},"classes":[]},{"id":4468,"url":"https:\/\/caetenews.com.br\/semana\/temporada-4-de-sob-pressaoestreia-em-12-de-agosto\/","url_meta":{"origin":9432,"position":3},"title":"Temporada 4 de \u2018Sob Press\u00e3o\u2019estreia em 12 de agosto","author":"Paulo Ant\u00f4nio","date":"27\/07\/2021","format":false,"excerpt":"A s\u00e9rie Sob Press\u00e3o, que retrata, atrav\u00e9s da dramaturgia, quest\u00f5es da sa\u00fade p\u00fablica do pa\u00eds, desde a sua estreia, em 2017, conta com personagens","rel":"","context":"Em &quot;Not\u00edcias&quot;","block_context":{"text":"Not\u00edcias","link":"https:\/\/caetenews.com.br\/semana\/category\/noticias\/"},"img":{"alt_text":"Drica Moraes \u00e9 Vera em Sob Press\u00e3o","src":"https:\/\/i0.wp.com\/caetenews.com.br\/semana\/wp-content\/uploads\/2021\/07\/29541.jpg?fit=600%2C340&ssl=1&resize=350%2C200","width":350,"height":200,"srcset":"https:\/\/i0.wp.com\/caetenews.com.br\/semana\/wp-content\/uploads\/2021\/07\/29541.jpg?fit=600%2C340&ssl=1&resize=350%2C200 1x, https:\/\/i0.wp.com\/caetenews.com.br\/semana\/wp-content\/uploads\/2021\/07\/29541.jpg?fit=600%2C340&ssl=1&resize=525%2C300 1.5x"},"classes":[]},{"id":3894,"url":"https:\/\/caetenews.com.br\/semana\/a-vida-da-gente-em-edicao-especial-estreia-na-globo-dia-1o-de-marco\/","url_meta":{"origin":9432,"position":4},"title":"&#8216;A Vida da Gente&#8217; em edi\u00e7\u00e3o especial estreia na Globo dia 1\u00ba de mar\u00e7o","author":"Paulo Ant\u00f4nio","date":"06\/02\/2021","format":false,"excerpt":"A novela 'A Vida da Gente', exibida entre 2011 e 2012, retorna em edi\u00e7\u00e3o especial, a partir de 1\u00ba de mar\u00e7o, na faixa das 18 horas da TV Globo, em substitui\u00e7\u00e3o a Flor do Caribe. A trama, cheia de emo\u00e7\u00e3o, traz \u00e0 tona situa\u00e7\u00f5es e experi\u00eancias que instigam a reflex\u00e3o\u2026","rel":"","context":"Em &quot;Not\u00edcias das novelas&quot;","block_context":{"text":"Not\u00edcias das novelas","link":"https:\/\/caetenews.com.br\/semana\/category\/noticias-das-nov-elas\/"},"img":{"alt_text":"Foto de Fernanda Vasconcellos como Ana","src":"https:\/\/i0.wp.com\/caetenews.com.br\/semana\/wp-content\/uploads\/2021\/02\/avida-da-gente02.jpg?fit=600%2C399&ssl=1&resize=350%2C200","width":350,"height":200,"srcset":"https:\/\/i0.wp.com\/caetenews.com.br\/semana\/wp-content\/uploads\/2021\/02\/avida-da-gente02.jpg?fit=600%2C399&ssl=1&resize=350%2C200 1x, https:\/\/i0.wp.com\/caetenews.com.br\/semana\/wp-content\/uploads\/2021\/02\/avida-da-gente02.jpg?fit=600%2C399&ssl=1&resize=525%2C300 1.5x"},"classes":[]},{"id":3809,"url":"https:\/\/caetenews.com.br\/semana\/novela-porto-dos-milagres-e-a-novidade-do-globoplay-para-esta-segunda-1o\/","url_meta":{"origin":9432,"position":5},"title":"Novela &#8216;Porto dos Milagres&#8217; \u00e9 a novidade do Globoplay para esta segunda (1\u00ba)","author":"Paulo Ant\u00f4nio","date":"31\/01\/2021","format":false,"excerpt":"'Porto dos Milagres', novela de Aguinaldo Silva e Ricardo Linhares, produzida e exibida pela Globo, em 2001, com 203 cap\u00edtulos, foi pontuada por romances em meio a conflitos de classe. A novela \u00e9 uma livre adapta\u00e7\u00e3o de \"Mar Morto e A Descoberta da Am\u00e9rica pelos Turcos\", de Jorge Amado, Na\u2026","rel":"","context":"Em &quot;Globoplay&quot;","block_context":{"text":"Globoplay","link":"https:\/\/caetenews.com.br\/semana\/category\/globoplay\/"},"img":{"alt_text":"Foto de L\u00edvia (Fl\u00e1via Alessandra)","src":"https:\/\/i0.wp.com\/caetenews.com.br\/semana\/wp-content\/uploads\/2021\/01\/portodosmilagres03.jpg?fit=600%2C400&ssl=1&resize=350%2C200","width":350,"height":200,"srcset":"https:\/\/i0.wp.com\/caetenews.com.br\/semana\/wp-content\/uploads\/2021\/01\/portodosmilagres03.jpg?fit=600%2C400&ssl=1&resize=350%2C200 1x, https:\/\/i0.wp.com\/caetenews.com.br\/semana\/wp-content\/uploads\/2021\/01\/portodosmilagres03.jpg?fit=600%2C400&ssl=1&resize=525%2C300 1.5x"},"classes":[]}],"_links":{"self":[{"href":"https:\/\/caetenews.com.br\/semana\/wp-json\/wp\/v2\/posts\/9432","targetHints":{"allow":["GET"]}}],"collection":[{"href":"https:\/\/caetenews.com.br\/semana\/wp-json\/wp\/v2\/posts"}],"about":[{"href":"https:\/\/caetenews.com.br\/semana\/wp-json\/wp\/v2\/types\/post"}],"author":[{"embeddable":true,"href":"https:\/\/caetenews.com.br\/semana\/wp-json\/wp\/v2\/users\/1"}],"replies":[{"embeddable":true,"href":"https:\/\/caetenews.com.br\/semana\/wp-json\/wp\/v2\/comments?post=9432"}],"version-history":[{"count":1,"href":"https:\/\/caetenews.com.br\/semana\/wp-json\/wp\/v2\/posts\/9432\/revisions"}],"predecessor-version":[{"id":9434,"href":"https:\/\/caetenews.com.br\/semana\/wp-json\/wp\/v2\/posts\/9432\/revisions\/9434"}],"wp:featuredmedia":[{"embeddable":true,"href":"https:\/\/caetenews.com.br\/semana\/wp-json\/wp\/v2\/media\/9433"}],"wp:attachment":[{"href":"https:\/\/caetenews.com.br\/semana\/wp-json\/wp\/v2\/media?parent=9432"}],"wp:term":[{"taxonomy":"category","embeddable":true,"href":"https:\/\/caetenews.com.br\/semana\/wp-json\/wp\/v2\/categories?post=9432"},{"taxonomy":"post_tag","embeddable":true,"href":"https:\/\/caetenews.com.br\/semana\/wp-json\/wp\/v2\/tags?post=9432"}],"curies":[{"name":"wp","href":"https:\/\/api.w.org\/{rel}","templated":true}]}}