{"id":9493,"date":"2024-05-20T11:13:05","date_gmt":"2024-05-20T14:13:05","guid":{"rendered":"https:\/\/caetenews.com.br\/semana\/?p=9493"},"modified":"2024-11-23T10:50:26","modified_gmt":"2024-11-23T13:50:26","slug":"resumos-de-novelas-alma-gemea","status":"publish","type":"post","link":"https:\/\/caetenews.com.br\/semana\/resumos-de-novelas-alma-gemea\/","title":{"rendered":"Resumos de Novelas: Alma G\u00eamea (25 a 29\/11)"},"content":{"rendered":"<p><em>Resumos de Novelas: Alma G\u00eamea<\/em><br \/>\n<figure id=\"attachment_10810\" aria-describedby=\"caption-attachment-10810\" style=\"width: 728px\" class=\"wp-caption alignnone\"><img data-recalc-dims=\"1\" fetchpriority=\"high\" decoding=\"async\" data-attachment-id=\"10810\" data-permalink=\"https:\/\/caetenews.com.br\/semana\/resumos-de-novelas-alma-gemea\/40402e\/\" data-orig-file=\"https:\/\/i0.wp.com\/caetenews.com.br\/semana\/wp-content\/uploads\/2024\/05\/40402e.jpg?fit=728%2C404&amp;ssl=1\" data-orig-size=\"728,404\" data-comments-opened=\"0\" data-image-meta=\"{&quot;aperture&quot;:&quot;0&quot;,&quot;credit&quot;:&quot;&quot;,&quot;camera&quot;:&quot;&quot;,&quot;caption&quot;:&quot;&quot;,&quot;created_timestamp&quot;:&quot;0&quot;,&quot;copyright&quot;:&quot;&quot;,&quot;focal_length&quot;:&quot;0&quot;,&quot;iso&quot;:&quot;0&quot;,&quot;shutter_speed&quot;:&quot;0&quot;,&quot;title&quot;:&quot;&quot;,&quot;orientation&quot;:&quot;0&quot;}\" data-image-title=\"Alma G\u00eamea\" data-image-description=\"\" data-image-caption=\"&lt;p&gt;Resumos de Novelas: Alma G\u00eamea&amp;#8230;&lt;\/p&gt;\n\" data-large-file=\"https:\/\/i0.wp.com\/caetenews.com.br\/semana\/wp-content\/uploads\/2024\/05\/40402e.jpg?fit=728%2C404&amp;ssl=1\" src=\"https:\/\/i0.wp.com\/caetenews.com.br\/semana\/wp-content\/uploads\/2024\/05\/40402e.jpg?resize=728%2C404&#038;ssl=1\" alt=\"Foto em Resumos de Novelas: Alma G\u00eamea\" width=\"728\" height=\"404\" class=\"size-full wp-image-10810\" \/><figcaption id=\"caption-attachment-10810\" class=\"wp-caption-text\">Resumos de Novelas: Alma G\u00eamea&#8230;<\/figcaption><\/figure><br \/>\n<!--INICIO POST--><\/p>\n<h2 style=\"color:#795548;\">Resumo de segunda-feira, 25 de novembro<\/h2>\n<p>Serena l\u00ea para Ter\u00ea. Madalena fala para Raul que est\u00e1 namorando Tadeu. Raul percebe que Madalena o enganou e fica furioso. Tadeu expulsa Raul da loja. Rafael diz ao delegado que quer colocar Raul na cadeia. Raul tenta seduzir Dalila, mas ela lhe d\u00e1 um tapa. Ermelino cobra o pagamento de Raul. Roberval leva Ciro at\u00e9 a casa da bruxa e sonda sobre ela nos arredores. Cristina anseia usar o veneno em em Serena. Guto aparece e a desafia. Ciro manda Roberval comprar um veneno \u00e0 bruxa, mas Roberval fica nervoso e ela desconfia. Rafael pede para conversar com Ab\u00edlio. Roberval leva Ciro at\u00e9 a casa da bruxa e sonda sobre ela nos arredores. Cristina anseia usar o veneno em em Serena. Guto aparece e a desafia. Ciro manda Roberval comprar um veneno \u00e0 bruxa, mas Roberval fica nervoso e ela desconfia. Rafael pede para conversar com Ab\u00edlio. Rafael oferece a Ab\u00edlio seu antigo cargo. Guto tenta aconselhar Cristina. Roberval chega em casa apavorado. Ciro conta a Rafael que encontrou o local da bruxa. Cristina planeja ir ao casamento de Vera para colocar o veneno no copo de Serena. Jos\u00e9 Aristides e Jorge fogem. Julian faz uma sess\u00e3o com Alexandra. Jos\u00e9 Aristides foge. Crispim concorda que Mirna se case com Alaor. Jorge se esconde no s\u00edtio de Mirna, achando que ela vai perdo\u00e1-lo. Ol\u00edvia convida todos para o noivado. Vit\u00f3rio decide gastar bastante dinheiro no jantar de noivado de Ol\u00edvia, para deixar o noivo dela com as d\u00edvidas. Rafael tenta contar ao delegado sobre a bruxa, mas ele tem certeza, depois da fuga, de que o culpado \u00e9 Jos\u00e9 Aristides. Guto incorpora em Alexandra e fala para Julian que quer ajudar Cristina. Julian explica para Guto que ele n\u00e3o pode ajudar Cristina e o convence a deixar este mundo. Ciro e Rafael contam a Serena que Jos\u00e9 Aristides fugiu. Ciro planeja uma armadilha para a bruxa.<\/p>\n<h2 style=\"color:#795548;\">Resumo de ter\u00e7a-feira, 26 de novembro<\/h2>\n<p>Adelaide se despede de Alexandra. Mirna diz a Alaor que tem uma madrinha. Alexandra conta para Eduardo que est\u00e1 gr\u00e1vida, deixando-o radiante. Cristina manda Ivan descobrir com Zulmira onde est\u00e3o as joias. Serena diz a Rafael que tem sentido dores no peito. Ivan exige que Zulmira lhe diga onde Serena guarda as joias. Serena ouve Zulmira gritando. Ivan agride Zulmira. Eurico conta que as joias ficam no quarto de Rafael. Rafael manda Ivan sair de sua casa. Todos cuidam de Zulmira. Agnes chama Ciro. Ivan percebe que Cristina ainda \u00e9 obcecada por Rafael e que ele n\u00e3o significa nada. Raul beija Terezinha, deixando-a encantada. Zulmira aceita o pedido de casamento de Eurico. Serena diz a Rafael que as joias t\u00eam uma maldi\u00e7\u00e3o. Ciro volta para ajudar a cuidar da casa de Rafael. Ele trama para flagrar a bruxa. Ivan chama Xavier para entrar na casa de Rafael quando todos estiverem no casamento de Vera. Eurico conta a Serena que ir\u00e1 se casar com Zulmira. Jos\u00e9 Aristides se esconde na mata. Judith e Serena. Rafael e Serena saem \u00e0 procura de Jos\u00e9 Aristides. Delegado no s\u00edtio. Jorge se esconde. Bernardo v\u00ea pegadas no roseiral. Ciro pede que Roberval ajude-o a capturar a bruxa. Roberval morre de medo, mas acaba concordando. Mirna encontra Jorge. Ab\u00edlio volta a trabalhar na floricultura. Agnes e Vera nos preparativos do casamento. Mirna e K\u00e1tia d\u00e3o uma surra de vassoura em Jorge e o jogam no chiqueiro. Jorge pede que o delegado o leve de volta para a cadeia. K\u00e1tia continua abusando da boa vontade Mirna. Ciro pede que dois homens fiquem esperando perto da casa da bruxa e aceitem lev\u00e1-la, se ela pedir carona. Serena chega ao roseiral. Serena implora que Jos\u00e9 Aristides volte com ela para provar sua inoc\u00eancia. Julian e Alexandra. Ciro e Roberval posicionam os charretistas. Ol\u00edvia se arruma para o casamento de Vera. Ermelino aconselha Raul a sumir do mapa. Cristina se arruma para o casamento de Vera. Cristina e Ivan tramam a morte de Serena. Jos\u00e9 Aristides aceita voltar. Roberval compra veneno com a bruxa e entrega a Ciro. A bruxa pede carona aos dois amigos de Ciro, que a levam para a delegacia. Jos\u00e9 Aristides se entrega para a pol\u00edcia. Ciro garante ao delegado que \u00e9 a bruxa que prepara os venenos.<\/p>\n<h2 style=\"color:#795548;\">Resumo de quarta-feira, 27 de novembro<\/h2>\n<p>Roberval conta para o delegado que comprou veneno da bruxa. O delegado concorda em prender a bruxa e em soltar Jos\u00e9 Aristides. Roberval pede que Rafael perdoe Dalila. Jos\u00e9 Aristides se despede de Bernardo e Rafael, explicando que deve cumprir sua miss\u00e3o, que \u00e9 ajudar a curar as pessoas. Agnes orienta Vit\u00f3rio, que sonda sobre Ol\u00edvia. Serena diz a Jos\u00e9 Aristides que ainda n\u00e3o sabe qual \u00e9 a sua miss\u00e3o. Jos\u00e9 Aristides entrega a Serena uma pedra onde colocou todo seu poder e pede que ela a aperte se precisar de ajuda. Jos\u00e9 Aristides entrega a Serena uma pedra onde colocou todo seu poder e pede que ela a aperte se precisar de ajuda. O delegado intima Cristina a depor, pois algu\u00e9m a viu comprando veneno com a bruxa. Dalila teme por Roberval. Judith e o cara da charrete. Rafael e Serena chegam ao casamento. Vera se arruma. Elias e Adelaide. Vit\u00f3rio e Ol\u00edvia. Vit\u00f3rio insiste em conhecer o noivo de Ol\u00edvia, mas ela diz que s\u00f3 ir\u00e1 apresent\u00e1-lo no dia do noivado. Felipe pede que Mirella reate o namoro, mas ela pede para conversar com Raul primeiro. Cristina aparece no casamento. Rafael se irrita ao v\u00ea-la, mas ela garante que est\u00e1 arrependida de tudo o que fez e que vai sair da cidade. Vera e Julian se casam. Cristina coloca o veneno no copo de Serena. Serena concorda em brindar com Cristina. Agnes exige que Cristina beba do copo de Serena. Cristina quebra o copo e vai embora. Cristina confessa a Rafael que queria acabar com Serena e que ele ainda vai am\u00e1-la, deixando-o pasmo. Cristina combina com Ivan sequestrar Serena e exigir as joias como resgate.<\/p>\n<h2 style=\"color:#795548;\">Resumo de quinta-feira, 28 de novembro<\/h2>\n<p>Ivan concorda com o plano. Cristina v\u00ea Rafael entrando na casa de Dalila e deduz que foi Roberval quem a seguiu at\u00e9 a casa da bruxa. Ela decide raptar a filha dele para obrig\u00e1-lo a ficar de boca fechada. Rafael desiste de prestar queixa contra Dalila. Mirna recebe uma carta da madrinha. Alaor convida todos da pens\u00e3o para o noivado. Vit\u00f3rio diz que vai embora para S\u00e3o Paulo. Divina sofre. Of\u00e9lia pega o bem-casado de Nina. Julian chega para fazer uma sess\u00e3o com Serena. Judith sai para encontrar o charreteiro. Rafael pressiona o delegado. Cristina pede que Ivan encontre uma casa bem afastada. Dalila tem um mau pressentimento. Raul garante a Mirella que n\u00e3o roubou a empresa de Rafael, e pede que ela conven\u00e7a Felipe a fazer com que Rafael o perdoe. Terezinha saca todas as suas economias. Julian faz uma sess\u00e3o de regress\u00e3o com Serena para que ela descubra se poder\u00e1 se livrar de seu problema no cora\u00e7\u00e3o. Serena v\u00ea Luna durante a regress\u00e3o. Luna explica para Serena que seu problema no cora\u00e7\u00e3o est\u00e1 ligado \u00e0 sua miss\u00e3o. Mirella pede para Felipe retirar a acusa\u00e7\u00e3o contra Raul. Rafael diz a Felipe que n\u00e3o perdoar\u00e1 Raul, mas garante que Mirella ficar\u00e1 com ele assim mesmo se o amar de verdade. Felipe fica decepcionado com Rafael. Zulmira se intromete. Felipe sofre e cuida de uma rosa. Crispim atormenta Mirna. Ol\u00edvia diz a Raul que ele deveria ter vergonha de usar Mirella daquela maneira. Agnes pergunta se Adelaide est\u00e1 namorando. Vera desmaia. Julian explica para Rafael que Serena s\u00f3 se livrar\u00e1 do problema no cora\u00e7\u00e3o quando cumprir sua miss\u00e3o. Serena diz a Rafael que ele n\u00e3o ir\u00e1 perd\u00ea-la. Ivan mostra a Cristina uma casa que alugou num lugar remoto, para onde eles poder\u00e3o levar Serena depois do sequestro.<\/p>\n<h2 style=\"color:#795548;\">Resumo de sexta-feira, 29 de novembro<\/h2>\n<p>Cristina fica satisfeita ao ver o esconderijo que Ivan encontrou. Serena sente que nunca se separar\u00e1 de Rafael. Eduardo fala para Julian que a doen\u00e7a de Vera est\u00e1 progredindo muito rapidamente. Julian decide levar Vera at\u00e9 um m\u00e9dium que pode cur\u00e1-la. Felipe cuida das rosas. Rafael feliz. Ol\u00edvia garante a Raul que vai provar para Mirella que ele \u00e9 um cafajeste. Serena sonha com o lago onde via o reflexo da rosa. Cristina trama. Julian e Vera se despedem de H\u00e9lio e Sabina. Generosa se oferece para espionar Raul. Delegado interroga a bruxa. Cristina \u00e9 intimada a depor. Vera e Julian se despedem de todos. Doralice, a madrinha rica de Mirna, chega ao s\u00edtio para a festa de noivado. Alaor se encanta por Doralice. Mirna fica conformada. Todos a caminho do noivado. Raul enrola Terezinha. Mirna se arruma. Nina e Gumercindo se beijam. Alaor desaparece com Doralice no meio da festa de noivado. Crispim encontra os dois se beijando. Mirna atira Doralice e Alaor no chiqueiro. Generosa v\u00ea Terezinha entrando no pr\u00e9dio de Raul. Serena garante a Rafael que a hora de cumprir sua miss\u00e3o est\u00e1 se aproximando. O delegado manda examinar os frascos que encontrou na casa da bruxa e descobre que eles cont\u00eam veneno. Ele pergunta a Cristina se ela comprou veneno com a bruxa.<br \/>\n<!--END--><\/p>\n<div class=\"fb-comments\" data-width=\"100%\" data-order-by=\"reverse_time\" data-numposts=\"5\"><\/div>\n<h2>Resumos de novelas:<\/h2>\n<div class=\"pt-cv-wrapper\"><div class=\"pt-cv-view pt-cv-grid pt-cv-colsys\" id=\"pt-cv-view-c6a7eef2p9\"><div data-id=\"pt-cv-page-1\" class=\"pt-cv-page\" data-cvc=\"2\"><div class=\"col-md-6 col-sm-6 col-xs-12 pt-cv-content-item pt-cv-1-col\" ><div class='pt-cv-ifield'><a href=\"https:\/\/caetenews.com.br\/semana\/resumos-de-novelas-tres-gracas\/\" class=\"_self pt-cv-href-thumbnail pt-cv-thumb-default\" target=\"_self\" ><img decoding=\"async\" width=\"728\" height=\"409\" src=\"https:\/\/i0.wp.com\/caetenews.com.br\/semana\/wp-content\/uploads\/2025\/10\/12235.jpg?fit=728%2C409&amp;ssl=1\" class=\"pt-cv-thumbnail\" alt=\"Foto em Resumos de Novelas: Tr\u00eas Gra\u00e7as\" data-attachment-id=\"46537\" data-permalink=\"https:\/\/caetenews.com.br\/semana\/?attachment_id=46537\" data-orig-file=\"https:\/\/i0.wp.com\/caetenews.com.br\/semana\/wp-content\/uploads\/2025\/10\/12235.jpg?fit=728%2C409&amp;ssl=1\" data-orig-size=\"728,409\" data-comments-opened=\"0\" data-image-meta=\"{&quot;aperture&quot;:&quot;0&quot;,&quot;credit&quot;:&quot;&quot;,&quot;camera&quot;:&quot;&quot;,&quot;caption&quot;:&quot;&quot;,&quot;created_timestamp&quot;:&quot;0&quot;,&quot;copyright&quot;:&quot;&quot;,&quot;focal_length&quot;:&quot;0&quot;,&quot;iso&quot;:&quot;0&quot;,&quot;shutter_speed&quot;:&quot;0&quot;,&quot;title&quot;:&quot;&quot;,&quot;orientation&quot;:&quot;0&quot;}\" data-image-title=\"Tr\u00eas Gra\u00e7as\" data-image-description=\"\" data-image-caption=\"&lt;p&gt;Resumos de Novelas: Tr\u00eas Gra\u00e7as&lt;\/p&gt;\n\" data-large-file=\"https:\/\/i0.wp.com\/caetenews.com.br\/semana\/wp-content\/uploads\/2025\/10\/12235.jpg?fit=728%2C409&amp;ssl=1\" \/><\/a>\n<h4 class=\"pt-cv-title\"><a href=\"https:\/\/caetenews.com.br\/semana\/resumos-de-novelas-tres-gracas\/\" class=\"_self\" target=\"_self\" >Resumos de Novelas: Tr\u00eas Gra\u00e7as<\/a><\/h4><\/div><\/div>\n<div class=\"col-md-6 col-sm-6 col-xs-12 pt-cv-content-item pt-cv-1-col\" ><div class='pt-cv-ifield'><a href=\"https:\/\/caetenews.com.br\/semana\/resumos-de-novela-eta-mundo-melhor-de-30-06-a-05-de-julho\/\" class=\"_self pt-cv-href-thumbnail pt-cv-thumb-default\" target=\"_self\" ><img decoding=\"async\" width=\"728\" height=\"410\" src=\"https:\/\/i0.wp.com\/caetenews.com.br\/semana\/wp-content\/uploads\/2025\/06\/12774.jpg?fit=728%2C410&amp;ssl=1\" class=\"pt-cv-thumbnail\" alt=\"Foto em Resumos da Semana de \u00cata Mundo Melhor!\" data-attachment-id=\"46925\" data-permalink=\"https:\/\/caetenews.com.br\/semana\/resumos-de-novela-eta-mundo-melhor-de-30-06-a-05-de-julho\/attachment\/12774\/\" data-orig-file=\"https:\/\/i0.wp.com\/caetenews.com.br\/semana\/wp-content\/uploads\/2025\/06\/12774.jpg?fit=728%2C410&amp;ssl=1\" data-orig-size=\"728,410\" data-comments-opened=\"0\" data-image-meta=\"{&quot;aperture&quot;:&quot;0&quot;,&quot;credit&quot;:&quot;&quot;,&quot;camera&quot;:&quot;&quot;,&quot;caption&quot;:&quot;&quot;,&quot;created_timestamp&quot;:&quot;0&quot;,&quot;copyright&quot;:&quot;&quot;,&quot;focal_length&quot;:&quot;0&quot;,&quot;iso&quot;:&quot;0&quot;,&quot;shutter_speed&quot;:&quot;0&quot;,&quot;title&quot;:&quot;&quot;,&quot;orientation&quot;:&quot;0&quot;}\" data-image-title=\"\u00cata Mundo Melhor\" data-image-description=\"\" data-image-caption=\"&lt;p&gt;Foto em Resumos da Semana de \u00cata Mundo Melhor!&lt;\/p&gt;\n\" data-large-file=\"https:\/\/i0.wp.com\/caetenews.com.br\/semana\/wp-content\/uploads\/2025\/06\/12774.jpg?fit=728%2C410&amp;ssl=1\" \/><\/a>\n<h4 class=\"pt-cv-title\"><a href=\"https:\/\/caetenews.com.br\/semana\/resumos-de-novela-eta-mundo-melhor-de-30-06-a-05-de-julho\/\" class=\"_self\" target=\"_self\" >Resumos de novela: \u00cata Mundo Melhor!<\/a><\/h4><\/div><\/div>\n<div class=\"col-md-6 col-sm-6 col-xs-12 pt-cv-content-item pt-cv-1-col\" ><div class='pt-cv-ifield'><a href=\"https:\/\/caetenews.com.br\/semana\/resumos-de-novelas-dona-de-mim-12-a-17-5\/\" class=\"_self pt-cv-href-thumbnail pt-cv-thumb-default\" target=\"_self\" ><img loading=\"lazy\" decoding=\"async\" width=\"728\" height=\"409\" src=\"https:\/\/i0.wp.com\/caetenews.com.br\/semana\/wp-content\/uploads\/2025\/05\/11136b.jpg?fit=728%2C409&amp;ssl=1\" class=\"pt-cv-thumbnail\" alt=\"Foto em Resumos de Novelas: Dona de Mim\" data-attachment-id=\"11896\" data-permalink=\"https:\/\/caetenews.com.br\/semana\/resumos-de-novelas-dona-de-mim-12-a-17-5\/11136b\/\" data-orig-file=\"https:\/\/i0.wp.com\/caetenews.com.br\/semana\/wp-content\/uploads\/2025\/05\/11136b.jpg?fit=728%2C409&amp;ssl=1\" data-orig-size=\"728,409\" data-comments-opened=\"0\" data-image-meta=\"{&quot;aperture&quot;:&quot;0&quot;,&quot;credit&quot;:&quot;&quot;,&quot;camera&quot;:&quot;&quot;,&quot;caption&quot;:&quot;&quot;,&quot;created_timestamp&quot;:&quot;0&quot;,&quot;copyright&quot;:&quot;&quot;,&quot;focal_length&quot;:&quot;0&quot;,&quot;iso&quot;:&quot;0&quot;,&quot;shutter_speed&quot;:&quot;0&quot;,&quot;title&quot;:&quot;&quot;,&quot;orientation&quot;:&quot;0&quot;}\" data-image-title=\"Dona de Mim\" data-image-description=\"\" data-image-caption=\"\" data-large-file=\"https:\/\/i0.wp.com\/caetenews.com.br\/semana\/wp-content\/uploads\/2025\/05\/11136b.jpg?fit=728%2C409&amp;ssl=1\" \/><\/a>\n<h4 class=\"pt-cv-title\"><a href=\"https:\/\/caetenews.com.br\/semana\/resumos-de-novelas-dona-de-mim-12-a-17-5\/\" class=\"_self\" target=\"_self\" >Resumos de Novela: Dona de Mim<\/a><\/h4><\/div><\/div>\n<div class=\"col-md-6 col-sm-6 col-xs-12 pt-cv-content-item pt-cv-1-col\" ><div class='pt-cv-ifield'><a href=\"https:\/\/caetenews.com.br\/semana\/onde-assistir-os-jogos-da-libertadores-e-sul-americana\/\" class=\"_self pt-cv-href-thumbnail pt-cv-thumb-default\" target=\"_self\" ><img loading=\"lazy\" decoding=\"async\" width=\"728\" height=\"410\" src=\"https:\/\/i0.wp.com\/caetenews.com.br\/semana\/wp-content\/uploads\/2025\/04\/10784.jpg?fit=728%2C410&amp;ssl=1\" class=\"pt-cv-thumbnail\" alt=\"Foto em Onde assistir os Jogos da Libertadores e Sul-Americana\" data-attachment-id=\"11533\" data-permalink=\"https:\/\/caetenews.com.br\/semana\/onde-assistir-os-jogos-da-libertadores-e-sul-americana\/attachment\/10784\/\" data-orig-file=\"https:\/\/i0.wp.com\/caetenews.com.br\/semana\/wp-content\/uploads\/2025\/04\/10784.jpg?fit=728%2C410&amp;ssl=1\" data-orig-size=\"728,410\" data-comments-opened=\"0\" data-image-meta=\"{&quot;aperture&quot;:&quot;0&quot;,&quot;credit&quot;:&quot;&quot;,&quot;camera&quot;:&quot;&quot;,&quot;caption&quot;:&quot;&quot;,&quot;created_timestamp&quot;:&quot;0&quot;,&quot;copyright&quot;:&quot;&quot;,&quot;focal_length&quot;:&quot;0&quot;,&quot;iso&quot;:&quot;0&quot;,&quot;shutter_speed&quot;:&quot;0&quot;,&quot;title&quot;:&quot;&quot;,&quot;orientation&quot;:&quot;0&quot;}\" data-image-title=\"Libertadores\" data-image-description=\"\" data-image-caption=\"&lt;p&gt;Onde assistir os Jogos da Libertadores e Sul-Americana&lt;\/p&gt;\n\" data-large-file=\"https:\/\/i0.wp.com\/caetenews.com.br\/semana\/wp-content\/uploads\/2025\/04\/10784.jpg?fit=728%2C410&amp;ssl=1\" \/><\/a>\n<h4 class=\"pt-cv-title\"><a href=\"https:\/\/caetenews.com.br\/semana\/onde-assistir-os-jogos-da-libertadores-e-sul-americana\/\" class=\"_self\" target=\"_self\" >Onde assistir os Jogos da Libertadores e Sul-Americana<\/a><\/h4><\/div><\/div>\n<div class=\"col-md-6 col-sm-6 col-xs-12 pt-cv-content-item pt-cv-1-col\" ><div class='pt-cv-ifield'><a href=\"https:\/\/caetenews.com.br\/semana\/filmes-da-semana-na-tv\/\" class=\"_self pt-cv-href-thumbnail pt-cv-thumb-default\" target=\"_self\" ><img loading=\"lazy\" decoding=\"async\" width=\"420\" height=\"236\" src=\"https:\/\/i0.wp.com\/caetenews.com.br\/semana\/wp-content\/uploads\/2017\/02\/filmes433_odiabovesteprada.jpg?fit=420%2C236&amp;ssl=1\" class=\"pt-cv-thumbnail\" alt=\"Foto de O Diabo Veste Prada, em Filmes na TV\" srcset=\"https:\/\/i0.wp.com\/caetenews.com.br\/semana\/wp-content\/uploads\/2017\/02\/filmes433_odiabovesteprada.jpg?w=420&amp;ssl=1 420w, https:\/\/i0.wp.com\/caetenews.com.br\/semana\/wp-content\/uploads\/2017\/02\/filmes433_odiabovesteprada.jpg?resize=300%2C169&amp;ssl=1 300w\" sizes=\"(max-width: 420px) 100vw, 420px\" data-attachment-id=\"750\" data-permalink=\"https:\/\/caetenews.com.br\/semana\/filmes-da-semana-na-tv\/filmes433_odiabovesteprada\/\" data-orig-file=\"https:\/\/i0.wp.com\/caetenews.com.br\/semana\/wp-content\/uploads\/2017\/02\/filmes433_odiabovesteprada.jpg?fit=420%2C236&amp;ssl=1\" data-orig-size=\"420,236\" data-comments-opened=\"1\" data-image-meta=\"{&quot;aperture&quot;:&quot;0&quot;,&quot;credit&quot;:&quot;&quot;,&quot;camera&quot;:&quot;&quot;,&quot;caption&quot;:&quot;&quot;,&quot;created_timestamp&quot;:&quot;0&quot;,&quot;copyright&quot;:&quot;&quot;,&quot;focal_length&quot;:&quot;0&quot;,&quot;iso&quot;:&quot;0&quot;,&quot;shutter_speed&quot;:&quot;0&quot;,&quot;title&quot;:&quot;&quot;,&quot;orientation&quot;:&quot;0&quot;}\" data-image-title=\"O Diabo Veste Prada\" data-image-description=\"\" data-image-caption=\"&lt;p&gt;O Diabo Veste Prada&lt;\/p&gt;\n\" data-large-file=\"https:\/\/i0.wp.com\/caetenews.com.br\/semana\/wp-content\/uploads\/2017\/02\/filmes433_odiabovesteprada.jpg?fit=420%2C236&amp;ssl=1\" \/><\/a>\n<h4 class=\"pt-cv-title\"><a href=\"https:\/\/caetenews.com.br\/semana\/filmes-da-semana-na-tv\/\" class=\"_self\" target=\"_self\" >Filmes da semana na TV<\/a><\/h4><\/div><\/div>\n<div class=\"col-md-6 col-sm-6 col-xs-12 pt-cv-content-item pt-cv-1-col\" ><div class='pt-cv-ifield'><a href=\"https:\/\/caetenews.com.br\/semana\/terceira-temporada-de-origem-chega-ao-globoplay\/\" class=\"_self pt-cv-href-thumbnail pt-cv-thumb-default\" target=\"_self\" ><img loading=\"lazy\" decoding=\"async\" width=\"728\" height=\"410\" src=\"https:\/\/i0.wp.com\/caetenews.com.br\/semana\/wp-content\/uploads\/2025\/02\/10444.jpg?fit=728%2C410&amp;ssl=1\" class=\"pt-cv-thumbnail\" alt=\"Foto em Terceira temporada de \u2018Origem\u2019 chega ao Globoplay\" data-attachment-id=\"11203\" data-permalink=\"https:\/\/caetenews.com.br\/semana\/terceira-temporada-de-origem-chega-ao-globoplay\/attachment\/10444\/\" data-orig-file=\"https:\/\/i0.wp.com\/caetenews.com.br\/semana\/wp-content\/uploads\/2025\/02\/10444.jpg?fit=728%2C410&amp;ssl=1\" data-orig-size=\"728,410\" data-comments-opened=\"0\" data-image-meta=\"{&quot;aperture&quot;:&quot;0&quot;,&quot;credit&quot;:&quot;&quot;,&quot;camera&quot;:&quot;&quot;,&quot;caption&quot;:&quot;&quot;,&quot;created_timestamp&quot;:&quot;0&quot;,&quot;copyright&quot;:&quot;&quot;,&quot;focal_length&quot;:&quot;0&quot;,&quot;iso&quot;:&quot;0&quot;,&quot;shutter_speed&quot;:&quot;0&quot;,&quot;title&quot;:&quot;&quot;,&quot;orientation&quot;:&quot;0&quot;}\" data-image-title=\"\u2018Origem\" data-image-description=\"\" data-image-caption=\"&lt;p&gt;Terceira temporada de \u2018Origem\u2019 chega ao Globoplay&amp;#8230;.&lt;\/p&gt;\n\" data-large-file=\"https:\/\/i0.wp.com\/caetenews.com.br\/semana\/wp-content\/uploads\/2025\/02\/10444.jpg?fit=728%2C410&amp;ssl=1\" \/><\/a>\n<h4 class=\"pt-cv-title\"><a href=\"https:\/\/caetenews.com.br\/semana\/terceira-temporada-de-origem-chega-ao-globoplay\/\" class=\"_self\" target=\"_self\" >Terceira temporada de \u2018Origem\u2019 chega ao Globoplay<\/a><\/h4><\/div><\/div><\/div><\/div><\/div>\n<h2>\u00daltimas not\u00edcias das novelas<\/h2>\n<div class=\"wp-rss-template-container\" data-wpra-template=\"default\" data-template-ctx=\"eyJmZWVkcyI6IjEyOTExIn0=\">\n    <div class=\"wp-rss-aggregator wpra-list-template  \" data-page=\"1\">\n    \n    \n<ul class=\"wpra-item-list rss-aggregator wpra-item-list--bullets wpra-item-list--default\"\n    start=\"1\">\n                        <li class=\"wpra-item feed-item \">\n            \n            \n\n    <a  href=\"https:\/\/www.tvnovelas.com.br\/tvnews\/coracao-de-mae-atilla-decide-abrir-o-jogo-com-karsu\/\" target=\"_blank\" rel=\"nofollow\" class=\"\">Cora\u00e7\u00e3o de M\u00e3e: Atilla decide abrir o jogo com Karsu<\/a>\n\n\n\n\n\n\n<div class=\"wprss-feed-meta\">\n            <span class=\"feed-source\">\n            Source:\n\n                            TVNews\n                    <\/span>\n    \n            <span class=\"feed-date\">\n            Published on 2026-04-27\n        <\/span>\n    \n    <\/div>\n\n\n\n\n\n            \n        <\/li>\n                    <li class=\"wpra-item feed-item \">\n            \n            \n\n    <a  href=\"https:\/\/www.tvnovelas.com.br\/tvnews\/coracao-de-mae-adnan-e-preso-apos-denuncia-de-irmak\/\" target=\"_blank\" rel=\"nofollow\" class=\"\">Em Cora\u00e7\u00e3o de M\u00e3e: Adnan \u00e9 preso ap\u00f3s denuncia de Irmak<\/a>\n\n\n\n\n\n\n<div class=\"wprss-feed-meta\">\n            <span class=\"feed-source\">\n            Source:\n\n                            TVNews\n                    <\/span>\n    \n            <span class=\"feed-date\">\n            Published on 2026-04-26\n        <\/span>\n    \n    <\/div>\n\n\n\n\n\n            \n        <\/li>\n                    <li class=\"wpra-item feed-item \">\n            \n            \n\n    <a  href=\"https:\/\/www.tvnovelas.com.br\/tvnews\/coracao-acelerado-mulher-choca-janete-ao-se-apresentar-como-amante-do-palhares\/\" target=\"_blank\" rel=\"nofollow\" class=\"\">Cora\u00e7\u00e3o Acelerado: Mulher choca Janete ao se apresentar como amante do Palhares<\/a>\n\n\n\n\n\n\n<div class=\"wprss-feed-meta\">\n            <span class=\"feed-source\">\n            Source:\n\n                            TVNews\n                    <\/span>\n    \n            <span class=\"feed-date\">\n            Published on 2026-04-26\n        <\/span>\n    \n    <\/div>\n\n\n\n\n\n            \n        <\/li>\n                    <li class=\"wpra-item feed-item \">\n            \n            \n\n    <a  href=\"https:\/\/www.tvnovelas.com.br\/tvnews\/a-nobreza-do-amor-jendal-dobra-a-recompensa-por-alika\/\" target=\"_blank\" rel=\"nofollow\" class=\"\">A Nobreza do Amor: Jendal dobra a recompensa por Alika<\/a>\n\n\n\n\n\n\n<div class=\"wprss-feed-meta\">\n            <span class=\"feed-source\">\n            Source:\n\n                            TVNews\n                    <\/span>\n    \n            <span class=\"feed-date\">\n            Published on 2026-04-26\n        <\/span>\n    \n    <\/div>\n\n\n\n\n\n            \n        <\/li>\n                    <li class=\"wpra-item feed-item \">\n            \n            \n\n    <a  href=\"https:\/\/www.tvnovelas.com.br\/tvnews\/tres-gracas-bagda-e-preso-por-juquinha\/\" target=\"_blank\" rel=\"nofollow\" class=\"\">Tr\u00eas Gra\u00e7as:  Bagd\u00e1 \u00e9 preso por Juquinha<\/a>\n\n\n\n\n\n\n<div class=\"wprss-feed-meta\">\n            <span class=\"feed-source\">\n            Source:\n\n                            TVNews\n                    <\/span>\n    \n            <span class=\"feed-date\">\n            Published on 2026-04-26\n        <\/span>\n    \n    <\/div>\n\n\n\n\n\n            \n        <\/li>\n                    <li class=\"wpra-item feed-item \">\n            \n            \n\n    <a  href=\"https:\/\/www.tvnovelas.com.br\/tvnews\/a-nobreza-do-amor-virginia-e-humilhada-apos-perder-concurso-de-miss\/\" target=\"_blank\" rel=\"nofollow\" class=\"\">A Nobreza do Amor: Virg\u00ednia \u00e9 humilhada ap\u00f3s perder concurso de miss<\/a>\n\n\n\n\n\n\n<div class=\"wprss-feed-meta\">\n            <span class=\"feed-source\">\n            Source:\n\n                            TVNews\n                    <\/span>\n    \n            <span class=\"feed-date\">\n            Published on 2026-04-25\n        <\/span>\n    \n    <\/div>\n\n\n\n\n\n            \n        <\/li>\n                    <li class=\"wpra-item feed-item \">\n            \n            \n\n    <a  href=\"https:\/\/www.tvnovelas.com.br\/tvnews\/em-coracao-de-mae-nos-capitulos-da-semana-27-4-a-1o-05\/\" target=\"_blank\" rel=\"nofollow\" class=\"\">Em Cora\u00e7\u00e3o de M\u00e3e nos cap\u00edtulos da semana (27\/4 a 1\u00ba\/05)<\/a>\n\n\n\n\n\n\n<div class=\"wprss-feed-meta\">\n            <span class=\"feed-source\">\n            Source:\n\n                            TVNews\n                    <\/span>\n    \n            <span class=\"feed-date\">\n            Published on 2026-04-24\n        <\/span>\n    \n    <\/div>\n\n\n\n\n\n            \n        <\/li>\n                    <li class=\"wpra-item feed-item \">\n            \n            \n\n    <a  href=\"https:\/\/www.tvnovelas.com.br\/tvnews\/coracao-de-mae-adnan-confessa-a-karsu-traicao-a-irmak\/\" target=\"_blank\" rel=\"nofollow\" class=\"\">Cora\u00e7\u00e3o de M\u00e3e: Adnan confessa a Karsu trai\u00e7\u00e3o a Irmak<\/a>\n\n\n\n\n\n\n<div class=\"wprss-feed-meta\">\n            <span class=\"feed-source\">\n            Source:\n\n                            TVNews\n                    <\/span>\n    \n            <span class=\"feed-date\">\n            Published on 2026-04-23\n        <\/span>\n    \n    <\/div>\n\n\n\n\n\n            \n        <\/li>\n                    <li class=\"wpra-item feed-item \">\n            \n            \n\n    <a  href=\"https:\/\/www.tvnovelas.com.br\/tvnews\/chamas-do-destino-iskender-e-preso-apos-denuncia-de-cicek\/\" target=\"_blank\" rel=\"nofollow\" class=\"\">Chamas do Destino: Iskender \u00e9 preso ap\u00f3s den\u00fancia de Cicek<\/a>\n\n\n\n\n\n\n<div class=\"wprss-feed-meta\">\n            <span class=\"feed-source\">\n            Source:\n\n                            TVNews\n                    <\/span>\n    \n            <span class=\"feed-date\">\n            Published on 2026-04-23\n        <\/span>\n    \n    <\/div>\n\n\n\n\n\n            \n        <\/li>\n                    <li class=\"wpra-item feed-item \">\n            \n            \n\n    <a  href=\"https:\/\/www.tvnovelas.com.br\/tvnews\/a-nobreza-do-amor-alika-desbanca-virginia-e-garante-vitoria-de-eugenia\/\" target=\"_blank\" rel=\"nofollow\" class=\"\">A Nobreza do Amor: Alika desbanca Virg\u00ednia e garante vit\u00f3ria de Eug\u00eania<\/a>\n\n\n\n\n\n\n<div class=\"wprss-feed-meta\">\n            <span class=\"feed-source\">\n            Source:\n\n                            TVNews\n                    <\/span>\n    \n            <span class=\"feed-date\">\n            Published on 2026-04-23\n        <\/span>\n    \n    <\/div>\n\n\n\n\n\n            \n        <\/li>\n                    <li class=\"wpra-item feed-item \">\n            \n            \n\n    <a  href=\"https:\/\/www.tvnovelas.com.br\/tvnews\/tres-gracas-arminda-flagra-ferette-e-samira\/\" target=\"_blank\" rel=\"nofollow\" class=\"\">Tr\u00eas Gra\u00e7as: Arminda flagra Ferette e Samira<\/a>\n\n\n\n\n\n\n<div class=\"wprss-feed-meta\">\n            <span class=\"feed-source\">\n            Source:\n\n                            TVNews\n                    <\/span>\n    \n            <span class=\"feed-date\">\n            Published on 2026-04-23\n        <\/span>\n    \n    <\/div>\n\n\n\n\n\n            \n        <\/li>\n                    <li class=\"wpra-item feed-item \">\n            \n            \n\n    <a  href=\"https:\/\/www.tvnovelas.com.br\/tvnews\/chamas-do-destino-seher-permite-que-cemre-visite-ozan\/\" target=\"_blank\" rel=\"nofollow\" class=\"\">Chamas do Destino: Seher permite que Cemre visite Ozan<\/a>\n\n\n\n\n\n\n<div class=\"wprss-feed-meta\">\n            <span class=\"feed-source\">\n            Source:\n\n                            TVNews\n                    <\/span>\n    \n            <span class=\"feed-date\">\n            Published on 2026-04-22\n        <\/span>\n    \n    <\/div>\n\n\n\n\n\n            \n        <\/li>\n                    <li class=\"wpra-item feed-item \">\n            \n            \n\n    <a  href=\"https:\/\/www.tvnovelas.com.br\/tvnews\/coracao-de-mae-karsu-conta-a-irmak-sobre-a-traicao-de-adnan\/\" target=\"_blank\" rel=\"nofollow\" class=\"\">Cora\u00e7\u00e3o de M\u00e3e: Karsu conta a Irmak sobre a trai\u00e7\u00e3o de Adnan<\/a>\n\n\n\n\n\n\n<div class=\"wprss-feed-meta\">\n            <span class=\"feed-source\">\n            Source:\n\n                            TVNews\n                    <\/span>\n    \n            <span class=\"feed-date\">\n            Published on 2026-04-22\n        <\/span>\n    \n    <\/div>\n\n\n\n\n\n            \n        <\/li>\n                    <li class=\"wpra-item feed-item \">\n            \n            \n\n    <a  href=\"https:\/\/www.tvnovelas.com.br\/tvnews\/a-nobreza-do-amor-alika-flagra-sabotagem-de-virginia-e-graca\/\" target=\"_blank\" rel=\"nofollow\" class=\"\">A Nobreza do Amor: Alika flagra sabotagem de Virg\u00ednia e Gra\u00e7a<\/a>\n\n\n\n\n\n\n<div class=\"wprss-feed-meta\">\n            <span class=\"feed-source\">\n            Source:\n\n                            TVNews\n                    <\/span>\n    \n            <span class=\"feed-date\">\n            Published on 2026-04-22\n        <\/span>\n    \n    <\/div>\n\n\n\n\n\n            \n        <\/li>\n                    <li class=\"wpra-item feed-item \">\n            \n            \n\n    <a  href=\"https:\/\/www.tvnovelas.com.br\/tvnews\/tres-gracas-joaquim-revela-a-paulinho-e-gerluce-que-arminda-matou-celio\/\" target=\"_blank\" rel=\"nofollow\" class=\"\">Tr\u00eas Gra\u00e7as: Joaquim revela a Paulinho e Gerluce que Arminda matou C\u00e9lio<\/a>\n\n\n\n\n\n\n<div class=\"wprss-feed-meta\">\n            <span class=\"feed-source\">\n            Source:\n\n                            TVNews\n                    <\/span>\n    \n            <span class=\"feed-date\">\n            Published on 2026-04-22\n        <\/span>\n    \n    <\/div>\n\n\n\n\n\n            \n        <\/li>\n        <\/ul>\n\n        \n<\/div>\n\n<\/div>\n\n","protected":false},"excerpt":{"rendered":"<p>Resumos de Novelas: Alma G\u00eamea&#8230; No cap\u00edtulo desta segunda, dia 02 de setembro, O m\u00e9dico de S\u00e3o Paulo afirma a Eduardo que Cristina nunca esteve gr\u00e1vida. Cristina se faz de v\u00edtima&#8230;.<\/p>\n","protected":false},"author":1,"featured_media":10810,"comment_status":"closed","ping_status":"closed","sticky":false,"template":"","format":"standard","meta":{"_monsterinsights_skip_tracking":false,"_monsterinsights_sitenote_active":false,"_monsterinsights_sitenote_note":"","_monsterinsights_sitenote_category":0,"_jetpack_memberships_contains_paid_content":false,"footnotes":"","jetpack_publicize_message":"","jetpack_publicize_feature_enabled":true,"jetpack_social_post_already_shared":true,"jetpack_social_options":{"image_generator_settings":{"template":"highway","default_image_id":0,"font":"","enabled":false},"version":2},"_wp_rev_ctl_limit":""},"categories":[279,197,24],"tags":[282,92,31,98],"class_list":["post-9493","post","type-post","status-publish","format-standard","has-post-thumbnail","hentry","category-globo","category-novelas","category-resumos-de-novelas","tag-alma-gemea","tag-globo","tag-resumos-de-novelas","tag-tv-globo"],"aioseo_notices":[],"jetpack_publicize_connections":[],"jetpack_featured_media_url":"https:\/\/i0.wp.com\/caetenews.com.br\/semana\/wp-content\/uploads\/2024\/05\/40402e.jpg?fit=728%2C404&ssl=1","jetpack_shortlink":"https:\/\/wp.me\/pcIKFi-2t7","jetpack_sharing_enabled":true,"jetpack_likes_enabled":true,"jetpack-related-posts":[{"id":46538,"url":"https:\/\/caetenews.com.br\/semana\/resumos-de-novelas-tres-gracas\/","url_meta":{"origin":9493,"position":0},"title":"Resumos de Novelas: Tr\u00eas Gra\u00e7as","author":"Paulo Ant\u00f4nio","date":"25\/10\/2025","format":false,"excerpt":"Resumos de Novelas: Tr\u00eas Gra\u00e7as... Os resumos da semana na novela das 21h da Globo...","rel":"","context":"Em &quot;Globo&quot;","block_context":{"text":"Globo","link":"https:\/\/caetenews.com.br\/semana\/category\/globo\/"},"img":{"alt_text":"Foto em Resumos de Novelas: Tr\u00eas Gra\u00e7as","src":"https:\/\/i0.wp.com\/caetenews.com.br\/semana\/wp-content\/uploads\/2025\/10\/12235.jpg?fit=728%2C409&ssl=1&resize=350%2C200","width":350,"height":200,"srcset":"https:\/\/i0.wp.com\/caetenews.com.br\/semana\/wp-content\/uploads\/2025\/10\/12235.jpg?fit=728%2C409&ssl=1&resize=350%2C200 1x, https:\/\/i0.wp.com\/caetenews.com.br\/semana\/wp-content\/uploads\/2025\/10\/12235.jpg?fit=728%2C409&ssl=1&resize=525%2C300 1.5x, https:\/\/i0.wp.com\/caetenews.com.br\/semana\/wp-content\/uploads\/2025\/10\/12235.jpg?fit=728%2C409&ssl=1&resize=700%2C400 2x"},"classes":[]},{"id":8984,"url":"https:\/\/caetenews.com.br\/semana\/resumo-da-novela-no-rancho-fundo\/","url_meta":{"origin":9493,"position":1},"title":"Resumos de novela: No Rancho Fundo (28\/10 a 02\/11)","author":"Paulo Ant\u00f4nio","date":"13\/05\/2024","format":false,"excerpt":"Resumos de Novela... Em No Rancho Fundo nesta segunda-feira, dia 28 de outubo, Marcelo Gouveia conta a Blandina sobre a morte de Primo C\u00edcero. Timb\u00f3 e Seu Tico...","rel":"","context":"Em &quot;Novelas&quot;","block_context":{"text":"Novelas","link":"https:\/\/caetenews.com.br\/semana\/category\/novelas\/"},"img":{"alt_text":"Foto de cena, em Resumo da novela No Rancho Fundo","src":"https:\/\/i0.wp.com\/caetenews.com.br\/semana\/resumos\/noranchofundo01.jpg?resize=350%2C200&ssl=1","width":350,"height":200,"srcset":"https:\/\/i0.wp.com\/caetenews.com.br\/semana\/resumos\/noranchofundo01.jpg?resize=350%2C200&ssl=1 1x, https:\/\/i0.wp.com\/caetenews.com.br\/semana\/resumos\/noranchofundo01.jpg?resize=525%2C300&ssl=1 1.5x, https:\/\/i0.wp.com\/caetenews.com.br\/semana\/resumos\/noranchofundo01.jpg?resize=700%2C400&ssl=1 2x"},"classes":[]},{"id":9331,"url":"https:\/\/caetenews.com.br\/semana\/resumos-de-novelas-contigo-sim-de-13-a-17-de-maio\/","url_meta":{"origin":9493,"position":2},"title":"Resumos de novelas: Contigo Sim, de 20 a 24 de maio","author":"Paulo Ant\u00f4nio","date":"13\/05\/2024","format":false,"excerpt":"Resumos de novelas: Contigo Sim... Alma tenta seduzir Leonardo revivendo mem\u00f3rias antigas, mas ele vai embora. \u00c2ngela finge estar se afogando, os outros....","rel":"","context":"Em &quot;Novelas&quot;","block_context":{"text":"Novelas","link":"https:\/\/caetenews.com.br\/semana\/category\/novelas\/"},"img":{"alt_text":"Foto em Resumos de novelas: Contigo Sim","src":"https:\/\/i0.wp.com\/caetenews.com.br\/semana\/wp-content\/uploads\/2024\/05\/contigosim01.jpg?fit=728%2C450&ssl=1&resize=350%2C200","width":350,"height":200,"srcset":"https:\/\/i0.wp.com\/caetenews.com.br\/semana\/wp-content\/uploads\/2024\/05\/contigosim01.jpg?fit=728%2C450&ssl=1&resize=350%2C200 1x, https:\/\/i0.wp.com\/caetenews.com.br\/semana\/wp-content\/uploads\/2024\/05\/contigosim01.jpg?fit=728%2C450&ssl=1&resize=525%2C300 1.5x, https:\/\/i0.wp.com\/caetenews.com.br\/semana\/wp-content\/uploads\/2024\/05\/contigosim01.jpg?fit=728%2C450&ssl=1&resize=700%2C400 2x"},"classes":[]},{"id":8416,"url":"https:\/\/caetenews.com.br\/semana\/familia-e-tudo-frida-a-avo-que-luta-por-uma-familia-unida\/","url_meta":{"origin":9493,"position":3},"title":"\u2018Fam\u00edlia \u00e9 Tudo\u2019: Frida, a av\u00f3 que luta por uma fam\u00edlia unida","author":"Paulo Ant\u00f4nio","date":"22\/02\/2024","format":false,"excerpt":"Em Fam\u00edlia \u00e9 Tudo, nova novela das sete da Globo, animada, maternal e exc\u00eantrica, Frida Mancini (Arlete Salles) \u00e9 a av\u00f3 que muita gente gostaria de ter...","rel":"","context":"Em &quot;Not\u00edcias das novelas&quot;","block_context":{"text":"Not\u00edcias das novelas","link":"https:\/\/caetenews.com.br\/semana\/category\/noticias-das-nov-elas\/"},"img":{"alt_text":"Foto em \u2018Fam\u00edlia \u00e9 Tudo\u2019: Frida","src":"https:\/\/i0.wp.com\/caetenews.com.br\/semana\/wp-content\/uploads\/2024\/02\/39652-1.jpg?fit=728%2C450&ssl=1&resize=350%2C200","width":350,"height":200,"srcset":"https:\/\/i0.wp.com\/caetenews.com.br\/semana\/wp-content\/uploads\/2024\/02\/39652-1.jpg?fit=728%2C450&ssl=1&resize=350%2C200 1x, https:\/\/i0.wp.com\/caetenews.com.br\/semana\/wp-content\/uploads\/2024\/02\/39652-1.jpg?fit=728%2C450&ssl=1&resize=525%2C300 1.5x, https:\/\/i0.wp.com\/caetenews.com.br\/semana\/wp-content\/uploads\/2024\/02\/39652-1.jpg?fit=728%2C450&ssl=1&resize=700%2C400 2x"},"classes":[]},{"id":6583,"url":"https:\/\/caetenews.com.br\/semana\/resumos-de-novelas-todas-as-flores\/","url_meta":{"origin":9493,"position":4},"title":"Resumos de novelas: Todas as Flores de 30\/10 a 03 de novembro","author":"Paulo Ant\u00f4nio","date":"01\/10\/2023","format":false,"excerpt":"Resumos de novelas: Todas as Flores. No cap\u00edtulo desta segunda-feira, 30 de outubro, Rafael v\u00ea Vanessa e Pablo se beijando e ouve quando Pablo diz que o filho de Vanessa...","rel":"","context":"Em &quot;Resumos de Novelas&quot;","block_context":{"text":"Resumos de Novelas","link":"https:\/\/caetenews.com.br\/semana\/category\/resumos-de-novelas\/"},"img":{"alt_text":"","src":"https:\/\/i0.wp.com\/caetenews.com.br\/semana\/wp-content\/uploads\/2023\/10\/todasasflores_logo.jpg?fit=300%2C200&ssl=1&resize=350%2C200","width":350,"height":200},"classes":[]},{"id":10710,"url":"https:\/\/caetenews.com.br\/semana\/resuos-de-novelas-volta-por-cima\/","url_meta":{"origin":9493,"position":5},"title":"Resumos de Novelas: Volta por Cima (11 a 19\/04)","author":"Paulo Ant\u00f4nio","date":"28\/10\/2024","format":false,"excerpt":"Resumos de Novelas...O que vai acontecer em Volta por Cima na semana...","rel":"","context":"Em &quot;Globo&quot;","block_context":{"text":"Globo","link":"https:\/\/caetenews.com.br\/semana\/category\/globo\/"},"img":{"alt_text":"Foto em Resuos de Novelas: Volta por Cima","src":"https:\/\/i0.wp.com\/caetenews.com.br\/semana\/wp-content\/uploads\/2024\/10\/40324b.jpg?fit=728%2C410&ssl=1&resize=350%2C200","width":350,"height":200,"srcset":"https:\/\/i0.wp.com\/caetenews.com.br\/semana\/wp-content\/uploads\/2024\/10\/40324b.jpg?fit=728%2C410&ssl=1&resize=350%2C200 1x, https:\/\/i0.wp.com\/caetenews.com.br\/semana\/wp-content\/uploads\/2024\/10\/40324b.jpg?fit=728%2C410&ssl=1&resize=525%2C300 1.5x, https:\/\/i0.wp.com\/caetenews.com.br\/semana\/wp-content\/uploads\/2024\/10\/40324b.jpg?fit=728%2C410&ssl=1&resize=700%2C400 2x"},"classes":[]}],"_links":{"self":[{"href":"https:\/\/caetenews.com.br\/semana\/wp-json\/wp\/v2\/posts\/9493","targetHints":{"allow":["GET"]}}],"collection":[{"href":"https:\/\/caetenews.com.br\/semana\/wp-json\/wp\/v2\/posts"}],"about":[{"href":"https:\/\/caetenews.com.br\/semana\/wp-json\/wp\/v2\/types\/post"}],"author":[{"embeddable":true,"href":"https:\/\/caetenews.com.br\/semana\/wp-json\/wp\/v2\/users\/1"}],"replies":[{"embeddable":true,"href":"https:\/\/caetenews.com.br\/semana\/wp-json\/wp\/v2\/comments?post=9493"}],"version-history":[{"count":4,"href":"https:\/\/caetenews.com.br\/semana\/wp-json\/wp\/v2\/posts\/9493\/revisions"}],"predecessor-version":[{"id":10928,"href":"https:\/\/caetenews.com.br\/semana\/wp-json\/wp\/v2\/posts\/9493\/revisions\/10928"}],"wp:featuredmedia":[{"embeddable":true,"href":"https:\/\/caetenews.com.br\/semana\/wp-json\/wp\/v2\/media\/10810"}],"wp:attachment":[{"href":"https:\/\/caetenews.com.br\/semana\/wp-json\/wp\/v2\/media?parent=9493"}],"wp:term":[{"taxonomy":"category","embeddable":true,"href":"https:\/\/caetenews.com.br\/semana\/wp-json\/wp\/v2\/categories?post=9493"},{"taxonomy":"post_tag","embeddable":true,"href":"https:\/\/caetenews.com.br\/semana\/wp-json\/wp\/v2\/tags?post=9493"}],"curies":[{"name":"wp","href":"https:\/\/api.w.org\/{rel}","templated":true}]}}